{"id":2615,"date":"2026-04-26T18:01:00","date_gmt":"2026-04-26T16:01:00","guid":{"rendered":"https:\/\/parafiadrohiczyn.pl\/?p=2615"},"modified":"2026-04-26T12:14:01","modified_gmt":"2026-04-26T10:14:01","slug":"intencje-mszalne-27-04-3-05-2026-r","status":"publish","type":"post","link":"https:\/\/parafiadrohiczyn.pl\/index.php\/2026\/04\/26\/intencje-mszalne-27-04-3-05-2026-r\/","title":{"rendered":"Intencje mszalne 27.04-3.05.2026 r."},"content":{"rendered":"\n<figure class=\"wp-block-table is-style-stripes\"><table><thead><tr><th class=\"has-text-align-center\" data-align=\"center\">DZIE\u0143 <\/th><th>GODZINA <\/th><th>INTENCJE <\/th><\/tr><\/thead><tbody><tr><td class=\"has-text-align-center\" data-align=\"center\"><center><strong>Poniedzia\u0142ek<\/strong> <br><strong>27 kwietnia<\/strong><\/center><\/td><td>godz. 7.00 <br>k. pofranciszka\u0144ski <\/td><td>1\/ za + Rozali\u0119 Kluczewsk\u0105 \u00a0greg.-<strong> ks. Marian<\/strong><br>2\/ O Bo\u017ce b\u0142ogos\u0142awie\u0144stwo, opiek\u0119 MB, Anio\u0142a Str\u00f3\u017ca i pomoc <br>w zdaniu egzamin\u00f3w maturalnych i wyborze kierunku studi\u00f3w <br>w 19 urodziny Olafa<strong> \u2013 ks. Proboszcz<\/strong><br><em>\/w kaplicy Si\u00f3str benedyktynek ks. Kazimierz odprawia Msz\u0119 <br>\u015bw. gregoria\u0144sk\u0105<\/em>\u00a0 za + Czes\u0142awa Kosi\u0144skiego<\/td><\/tr><tr><td class=\"has-text-align-center\" data-align=\"center\"><\/td><td>godz. 7.00 <br>ss. Bened. <\/td><td>1\/ za + Czes\u0142awa Kosi\u0144skiego greg<strong>. \u2013 ks. Kazimierz<\/strong><\/td><\/tr><tr><td class=\"has-text-align-center\" data-align=\"center\"><\/td><td>godz. 18.00<br><strong>Katedra<\/strong><\/td><td>1\/ <strong>EGZEKWIE <\/strong>za + Antoniego Warzy\u0144skiego w 3 r. \u015bm. <strong>\u00a0<\/strong>\u2013 <strong>ks. Proboszcz<\/strong><br>2\/ za + Mari\u0119 Sielewoniuk w 25 r. \u015bm. <strong>\u2013 ks. \u0141ukasz<\/strong><br>3\/ za + Teres\u0119 Zduniewicz u. pog.\u2013 <strong>ks. Benedykt<\/strong><br>4 \/za + Stanis\u0142awa Saszy\u0144skiego u. pog<strong>. \u2013 ks. Mieczys\u0142aw<\/strong><\/td><\/tr><tr><td class=\"has-text-align-center\" data-align=\"center\"><center><strong>Wtorek<br>28 kwietnia<\/strong><\/center><\/td><td>godz. 7.00 <br>k. pofranciszka\u0144ski <\/td><td>1\/ za + Rozali\u0119 Kluczewsk\u0105 \u00a0greg.-<strong> ks. Marian<\/strong><br>2\/ W intencji ks. Dariusza Kujawy, o Bo\u017ce b\u0142og. i opiek\u0119 MB<strong>\u2013 ks. Proboszcz<\/strong><br><em><strong>\/<\/strong>w kaplicy Si\u00f3str benedyktynek ks. Kazimierz odprawia Msz\u0119 <br>\u015bw. gregoria\u0144sk\u0105<\/em>\u00a0 za + Czes\u0142awa Kosi\u0144skiego<\/td><\/tr><tr><td class=\"has-text-align-center\" data-align=\"center\"><\/td><td>godz. 7.00 <br>ss. Bened.<\/td><td>1\/ za + Czes\u0142awa Kosi\u0144skiego greg<strong>. \u2013 ks. Kazimierz<\/strong><\/td><\/tr><tr><td class=\"has-text-align-center\" data-align=\"center\"><\/td><td>godz. 18.00<br>k. pofranciszka\u0144ski<\/td><td>1\/ za + Wies\u0142awa Sadowego w 1 r. \u015bm. &#8211; <strong>Ks. Proboszcz<\/strong><br>2\/ za + Jana Krak\u00f3wko \u2013 ofiarowa\u0142a rodzina Krasowskich <strong>\u2013 ks. \u0141ukasz<\/strong><br>3\/ za + Marka Michaluka w 3 r. \u015bm.<strong>\u2013 ks. Benedykt<\/strong><br>4\/ O Bo\u017ce b\u0142ogos\u0142awie\u0144stwo, wstawiennictwo \u015bw. Antoniego <br>w intencji Kacpra, o szcz\u0119\u015bliwe zdanie egzamin\u00f3w maturalnych i wyb\u00f3r <br>dobrej drogi \u017cyciowej<strong> \u2013 ks. Mieczys\u0142aw<\/strong><\/td><\/tr><tr><td class=\"has-text-align-center\" data-align=\"center\"><center><strong>\u015aroda<br><strong><center><strong>29 kwietnia<\/strong><\/center><\/strong><\/strong><\/center><\/td><td>godz. 7.00<br>k. pofranciszka\u0144ski <\/td><td>1\/ za + Rozali\u0119 Kluczewsk\u0105 \u00a0greg.-<strong> ks. Marian<\/strong><br>2\/ O zdrowie dla Martyny<strong> \u2013 ks. Proboszcz<\/strong><br>3\/ za + El\u017cbiet\u0119 Kosi\u0144sk\u0105 \u2013 ofiarowa\u0142a rodzina Makarskich<strong> \u2013 ks. \u0141ukasz<\/strong><br><em>\/w kaplicy Si\u00f3str benedyktynek ks. Kazimierz odprawia Msz\u0119 <br>\u015bw. gregoria\u0144sk\u0105<\/em>\u00a0 za + Czes\u0142awa Kosi\u0144skiego<\/td><\/tr><tr><td class=\"has-text-align-center\" data-align=\"center\"><\/td><td>godz. 7.00 <br>ss. Bened.<\/td><td>1\/ za + Czes\u0142awa Kosi\u0144skiego greg<strong>. \u2013 ks. Kazimierz<\/strong><\/td><\/tr><tr><td class=\"has-text-align-center\" data-align=\"center\"><\/td><td>godz. 18.00<br><strong>Katedra<\/strong><\/td><td>1\/ za + Jana Krak\u00f3wko \u2013 ofiarowali Radni Miejscy z Czy\u017cewa <br>\u2013 <strong>ks. Proboszcz<\/strong><br>2\/ za + Helen\u0119, Czes\u0142awa i Stanis\u0142awa Kryszczuk<strong> \u2013 ks. Benedykt<\/strong><\/td><\/tr><tr><td class=\"has-text-align-center\" data-align=\"center\"><center><strong>Czwartek<br><center><strong>30 kwietnia<\/strong><\/center><\/strong><\/center><\/td><td>godz. 7.00<br>k. pofranciszka\u0144ski<\/td><td>1\/ za + Rozali\u0119 Kluczewsk\u0105\u00a0 greg.-<strong> ks. Marian<\/strong><br>2\/ W intencji Zofii, w 90 urodziny, o zdrowie, Bo\u017ce b\u0142ogos\u0142awie\u0144stwo <br>i opiek\u0119 MB \u2013 ofiarowa\u0142y dzieci i wnuki<strong> \u2013 ks. Proboszcz<\/strong><br><em>\/w kaplicy Si\u00f3str benedyktynek ks. Kazimierz odprawia Msz\u0119 <br>\u015bw. gregoria\u0144sk\u0105<\/em>\u00a0 za + Czes\u0142awa Kosi\u0144skiego<\/td><\/tr><tr><td class=\"has-text-align-center\" data-align=\"center\"><\/td><td>godz. 7.00 <br>ss. Bened.<\/td><td>1\/ za + Czes\u0142awa Kosi\u0144skiego greg<strong>. \u2013 ks. Kazimierz<\/strong><\/td><\/tr><tr><td class=\"has-text-align-center\" data-align=\"center\"><\/td><td>godz. 18.00<br><strong>Katedra<\/strong><\/td><td>1\/ za + Jana Krak\u00f3wko \u2013 ofiarowali Burmistrz Czy\u017cewa i pracownicy <br>Urz\u0119du Miasta <strong>\u00a0\u2013 ks. \u0141ukasz<\/strong><br>2\/ za + Kamila Soroczy\u0144skiego \u00a0<strong>&#8211; ks. Benedykt<\/strong><br>3\/ za + Zbigniewa \u017bochowskiego i Kamil\u0119 \u00a0<strong>\u2013 ks. Mieczys\u0142aw<\/strong><\/td><\/tr><tr><td class=\"has-text-align-center\" data-align=\"center\"><center><strong>Pi\u0105tek<br><center><strong>1 maja<\/strong><\/center><\/strong><\/center><\/td><td>godz. 7.00<br>k. pofranciszka\u0144ski<\/td><td>1\/ za + Rozali\u0119 Kluczewsk\u0105 \u00a0greg.-<strong> ks. Marian<\/strong><br>2\/ za + Jadwig\u0119 Pyka\u0142o pocz\u0105tek greg.<strong>\u2013 ks. Mieczys\u0142aw<\/strong><br>3\/ za + Mieczys\u0142awa i jegorodzic\u00f3w<strong> \u2013 ks. Proboszcz<\/strong><br><em>\/w kaplicy Si\u00f3str benedyktynek ks. Kazimierz odprawia Msz\u0119 <br>\u015bw. gregoria\u0144sk\u0105<\/em>\u00a0 za + Czes\u0142awa Kosi\u0144skiego<\/td><\/tr><tr><td class=\"has-text-align-center\" data-align=\"center\"><\/td><td>godz. 7.00 <br>ss. Bened.<\/td><td>1\/ za + Czes\u0142awa Kosi\u0144skiego greg<strong>. \u2013 ks. Kazimierz<\/strong><\/td><\/tr><tr><td class=\"has-text-align-center\" data-align=\"center\"><\/td><td>godz. 18.00<br><strong>Katedra<\/strong><\/td><td>1\/<strong> EGZEKWIE <\/strong>za + Mariana Kry\u0144skiego w 30 dzie\u0144 <strong>&#8211; ks. \u0141ukasz<\/strong><br>2\/ za + Stanis\u0142aw\u0119 Krk\u00f3wko u. pog.<strong> \u2013 ks. Benedykt<\/strong><br>3\/ za + Mari\u0119 i Edwarda Ma\u0107kowiak i zmar\u0142ych z rodziny <strong>\u2013 ks. Mieczys\u0142aw<\/strong><\/td><\/tr><tr><td class=\"has-text-align-center\" data-align=\"center\"><center><strong>Sobota<br><center><strong>2 maja<\/strong><\/center><\/strong><\/center><\/td><td>godz. 7.00<br>k. pofranciszka\u0144ski <\/td><td>1\/ za + Jadwig\u0119 Pyka\u0142o greg.<strong>\u2013 ks. Benedykt<\/strong><br>2\/ za + Eugeniusza Pop\u0142awskiego u. pog.<strong> \u2013 ks. Proboszcz<\/strong><br>3\/ za + Rozali\u0119 Kluczewsk\u0105 \u00a0greg.-<strong> ks. Marian<\/strong><br><em>\/w kaplicy Si\u00f3str benedyktynek ks. Kazimierz odprawia Msz\u0119 <br>\u015bw. gregoria\u0144sk\u0105<\/em> za + Czes\u0142awa Kosi\u0144skiego<\/td><\/tr><tr><td class=\"has-text-align-center\" data-align=\"center\"><\/td><td>godz. 7.00 <br>ss. Bened<\/td><td>1\/ za + Czes\u0142awa Kosi\u0144skiego greg<strong>. \u2013 ks. Kazimierz<\/strong><\/td><\/tr><tr><td class=\"has-text-align-center\" data-align=\"center\"><\/td><td>godz. 18.00<br><strong>Katedra<\/strong><\/td><td>1\/<strong> <\/strong>W intencji Stra\u017cak\u00f3w OSP Gminy Stra\u017cak\u00f3w &#8211; <strong>ks. Proboszcz<\/strong><br>2\/ za + Eugeniusza Sienickiego <strong>\u00a0\u2013 ks. \u0141ukasz<\/strong><br>3\/ za + Helen\u0119, J\u00f3zefa, Ew\u0119 i Franciszka <strong>\u2013 ks. Benedykt<\/strong><br>4\/ <strong>EGZEKWIE<\/strong> za + Zygmunta, J\u00f3zef\u0119 i Zygmunta Kalinowskich<strong> <\/strong><br><strong>\u2013 ks. Mieczys\u0142aw<\/strong><\/td><\/tr><tr><td class=\"has-text-align-center\" data-align=\"center\"><center><strong><mark style=\"background-color:rgba(0, 0, 0, 0);color:#c3031a\" class=\"has-inline-color\">Niedziela<br>3 maja<\/mark><\/strong><\/center><\/td><td>godz. 8.00 <br>Ko\u015bci\u00f3\u0142<br>ss. Bened<\/td><td>1\/ za + Czes\u0142awa Kosi\u0144skiego greg<strong>. \u2013 ks. Kazimierz<\/strong><\/td><\/tr><tr><td class=\"has-text-align-center\" data-align=\"center\"><\/td><td>godz. 8.30<br>k. pofranciszka\u0144ski<\/td><td>1\/ za + Rozali\u0119 Kluczewsk\u0105 \u00a0greg.-<strong> ks. Marian<\/strong><br>2\/ za + Zofi\u0119 Kaczmarek w 22 r. \u015bm. i Jana Kaczmarka w 37 r. \u015bm.<strong> <\/strong><br><strong>\u2013 ks. Rafa\u0142<\/strong><br>3\/ za + Zofi\u0119 Czesu\u0142a <strong>\u00a0\u2013 ks. Mieczys\u0142aw<\/strong><\/td><\/tr><tr><td class=\"has-text-align-center\" data-align=\"center\"><\/td><td>godz. 10.00<br>Katedra<\/td><td>1\/ za + Jadwig\u0119 Pyka\u0142o greg.<strong>\u2013 ks. Benedykt<\/strong><br>2\/ W int. mieszka\u0144c\u00f3w Drohiczyna z racji po\u015bwi\u0119cenia p\u00f3l<strong> \u2013 ks. Rafa\u0142<\/strong><br>3\/ W intencji Ojczyzny \u2013 ofiarowa\u0142a Akcja Katolicka <strong>\u00a0\u2013 ks. Proboszcz<\/strong><\/td><\/tr><tr><td class=\"has-text-align-center\" data-align=\"center\"><\/td><td>godz. 12.00<br>Katedra<\/td><td>1 \/za + Jadwig\u0119 i J\u00f3zefa Klepackich &#8211;<strong> ks. Proboszcz<\/strong><br>2\/ za + Kamila Soroczy\u0144skiego w 1 r. \u015bm.<strong>\u2013 ks. Mieczys\u0142aw<\/strong><\/td><\/tr><tr><td class=\"has-text-align-center\" data-align=\"center\"><\/td><td>godz. 18.00<br>Katedra<\/td><td>1\/ za + Stanis\u0142aw\u0119 i Antoniego Pyka\u0142o <strong>\u00a0<\/strong>&#8211; <strong>ks. Benedykt<\/strong><br>2\/ za + Alin\u0119 Daniluk<strong> \u2013 ks. Proboszcz<\/strong><\/td><\/tr><\/tbody><\/table><\/figure>\n","protected":false},"excerpt":{"rendered":"<p>DZIE\u0143 GODZINA INTENCJE Poniedzia\u0142ek 27 kwietnia godz. 7.00 k. pofranciszka\u0144ski 1\/ za + Rozali\u0119 Kluczewsk\u0105 \u00a0greg.- ks. Marian2\/ O Bo\u017ce b\u0142ogos\u0142awie\u0144stwo, opiek\u0119 MB, Anio\u0142a Str\u00f3\u017ca i pomoc w zdaniu egzamin\u00f3w maturalnych i wyborze kierunku studi\u00f3w w 19 urodziny Olafa \u2013 ks. Proboszcz\/w kaplicy Si\u00f3str benedyktynek ks. Kazimierz odprawia Msz\u0119 \u015bw. gregoria\u0144sk\u0105\u00a0 za + Czes\u0142awa Kosi\u0144skiego [&hellip;]<\/p>\n","protected":false},"author":1,"featured_media":390,"comment_status":"closed","ping_status":"closed","sticky":false,"template":"","format":"standard","meta":{"footnotes":""},"categories":[9],"tags":[12],"class_list":["post-2615","post","type-post","status-publish","format-standard","has-post-thumbnail","hentry","category-intencje","tag-no-post-image"],"_links":{"self":[{"href":"https:\/\/parafiadrohiczyn.pl\/index.php\/wp-json\/wp\/v2\/posts\/2615","targetHints":{"allow":["GET"]}}],"collection":[{"href":"https:\/\/parafiadrohiczyn.pl\/index.php\/wp-json\/wp\/v2\/posts"}],"about":[{"href":"https:\/\/parafiadrohiczyn.pl\/index.php\/wp-json\/wp\/v2\/types\/post"}],"author":[{"embeddable":true,"href":"https:\/\/parafiadrohiczyn.pl\/index.php\/wp-json\/wp\/v2\/users\/1"}],"replies":[{"embeddable":true,"href":"https:\/\/parafiadrohiczyn.pl\/index.php\/wp-json\/wp\/v2\/comments?post=2615"}],"version-history":[{"count":10,"href":"https:\/\/parafiadrohiczyn.pl\/index.php\/wp-json\/wp\/v2\/posts\/2615\/revisions"}],"predecessor-version":[{"id":2625,"href":"https:\/\/parafiadrohiczyn.pl\/index.php\/wp-json\/wp\/v2\/posts\/2615\/revisions\/2625"}],"wp:featuredmedia":[{"embeddable":true,"href":"https:\/\/parafiadrohiczyn.pl\/index.php\/wp-json\/wp\/v2\/media\/390"}],"wp:attachment":[{"href":"https:\/\/parafiadrohiczyn.pl\/index.php\/wp-json\/wp\/v2\/media?parent=2615"}],"wp:term":[{"taxonomy":"category","embeddable":true,"href":"https:\/\/parafiadrohiczyn.pl\/index.php\/wp-json\/wp\/v2\/categories?post=2615"},{"taxonomy":"post_tag","embeddable":true,"href":"https:\/\/parafiadrohiczyn.pl\/index.php\/wp-json\/wp\/v2\/tags?post=2615"}],"curies":[{"name":"wp","href":"https:\/\/api.w.org\/{rel}","templated":true}]}}