{"id":2613,"date":"2026-04-26T11:17:08","date_gmt":"2026-04-26T09:17:08","guid":{"rendered":"https:\/\/parafiadrohiczyn.pl\/?p=2613"},"modified":"2026-04-26T12:43:50","modified_gmt":"2026-04-26T10:43:50","slug":"4-niedziela-wielkanocna-3","status":"publish","type":"post","link":"https:\/\/parafiadrohiczyn.pl\/index.php\/2026\/04\/26\/4-niedziela-wielkanocna-3\/","title":{"rendered":"4 NIEDZIELA WIELKANOCNA"},"content":{"rendered":"\n<ol class=\"wp-block-list\">\n<li>Dzisiaj w niedziel\u0119 Dobrego Pasterza rozpoczynamy tydzie\u0144 modlitwy o powo\u0142ania do s\u0142u\u017cby w Ko\u015bciele.<\/li>\n\n\n\n<li>Od pi\u0105tku rozpoczynamy odprawianie pi\u0119knego <em>nabo\u017ce\u0144stwa majowego<\/em> ku czci MB. W dni powszednie b\u0119dziemy \u015bpiewa\u0107 Litani\u0119 Loreta\u0144sk\u0105 po Mszy \u015bw. wieczornej, w niedziel\u0119 po sumie i o godz. 17<sup>40<\/sup>. Bardzo zach\u0119camy do udzia\u0142u w tym nabo\u017ce\u0144stwie, do zbierania si\u0119 w kaplicach, przy krzy\u017cach czy kapliczkach, aby \u015bpiewem <strong>Litanii Loreta\u0144skiej<\/strong> g\u0142osi\u0107 chwa\u0142\u0119 <strong>Matki Naj\u015bwi\u0119tszej<\/strong>.<\/li>\n\n\n\n<li>Za tydzie\u0144 w niedziel\u0119 3 maja <strong><em>po\u015bwi\u0119ceniem p\u00f3l<\/em><\/strong> w Drohiczynie. Msza \u015bw. w intencji mieszka\u0144c\u00f3w b\u0119dzie odprawiona o godz. 10.00, natomiast o godz. 15.00. modlitwa przy o\u0142tarzach.&nbsp; Prosimy o przys\u0142anie pojazdu po ksi\u0119dza o godz. 14.45.&nbsp; W tym roku w porz\u0105dku po\u015bwi\u0119cenia b\u0119dzie zmiana jednego z o\u0142tarzy. Zamiast przy krzy\u017cu po\u0142o\u017conego w pobli\u017cu cmentarzu, b\u0119dzie pierwsza stacja przy kaplicy \u015bw. Jana Nepomucena, przy ul. \u015awi\u0119toja\u0144skiej. Tam nast\u0105pi na pocz\u0105tku po\u015bwi\u0119cenie odnowionej kaplicy i nast\u0119pnie porz\u0105dek po\u015bwi\u0119cenia tak, jak zawsze.<\/li>\n\n\n\n<li>B\u00f3g zap\u0142a\u0107 za indywidualne ofiary na remont o\u0142tarza \u015bw. Antoniego w ko\u015bciele pofranciszka\u0144skim. W ubieg\u0142ym tygodniu z\u0142o\u017cono nast\u0119puj\u0105ce kwoty: 3000 z\u0142, 1000 z\u0142, 2 ofiary po 500 z\u0142 i 400 z\u0142. Dzi\u0119kujemy<\/li>\n\n\n\n<li>Bardzo dzi\u0119kujemy P. Leonowi Bu\u015bko i Romanowi Boguszewskiemu ze wsi Sady, za pomoc w \u015bci\u0119ciu suchych drzew w lesie parafialnym.<\/li>\n\n\n\n<li>Spotkanie formacyjne Apostolatu Maryjnego w poniedzia\u0142ek 27 kwietnia po Mszy \u015bw. wieczornej.<\/li>\n\n\n\n<li>W najbli\u017cszy pi\u0105tek 1 maja jest dyspensa od spo\u017cywania pokarm\u00f3w mi\u0119snych<\/li>\n\n\n\n<li>W tym tygodniu:\n<ul class=\"wp-block-list\">\n<li>29 kwietnia obchodzimy Dzie\u0144 M\u0119cze\u0144stwa Duchowie\u0144stwa Polskiego w czasie II wojny \u015bwiatowej<\/li>\n\n\n\n<li>1 maja przypada I pi\u0105tek miesi\u0105ca, do chorych z komuni\u0105 \u015bw., udamy si\u0119 od godz. 9.00, nabo\u017ce\u0144stwo w Minczewie&nbsp; o godz. 15.00<\/li>\n\n\n\n<li>2 maja I sobota miesi\u0105ca, liturgiczna uroczysto\u015b\u0107 MB Kr\u00f3lowej Polski, Msze \u015bw. o godz. 7.00 w k. pofranciszka\u0144skim i po niej r\u00f3\u017caniec fatimski i o godz. 18.00 w katedrze Msza \u015bw. w intencji stra\u017cak\u00f3w OSP Gminy Drohiczyn.<\/li>\n\n\n\n<li>W przysz\u0142\u0105 niedziel\u0119:&nbsp; zmiana tajemnic r\u00f3\u017ca\u0144cowych po Mszy \u015bw. o godz. 10.00 Na Mszy \u015bw. o godz. 10<sup>00<\/sup>, modli\u0107 si\u0119 b\u0119dziemy w intencji Ojczyzny z racji rocznicy uchwalenia <em>Konstytucji 3 Maja<\/em>. Po Mszy \u015bw. delegacja uda si\u0119, aby z\u0142o\u017cy\u0107 kwiaty przy pomniku Konstytucji 3 Maja. Zach\u0119camy do umieszczenia flagi pa\u0144stwowej na naszych posesjach. Nabo\u017ce\u0144stwo majowe w przysz\u0142\u0105 niedziel\u0119 b\u0119dzie wieczorem o godz. 17.40<\/li>\n<\/ul>\n<\/li>\n<\/ol>\n\n\n\n<p class=\"has-text-align-center\"><strong><u>Po\u015bwi\u0119cenie p\u00f3l 2026<\/u><\/strong><\/p>\n\n\n\n<figure class=\"wp-block-table\"><table class=\"has-fixed-layout\"><tbody><tr><td>&nbsp;3 maja &nbsp;\u2013 godz. 15<sup>00<\/sup> (niedziela)<\/td><td>Drohiczyn- Msza \u015bw. godz. 10<sup>00 <\/sup><sup><\/sup><\/td><\/tr><tr><td>&nbsp;4 maja \u2013 godz. 15<sup>00<\/sup> (poniedzia\u0142ek)<\/td><td>Sieniewice<\/td><\/tr><tr><td>&nbsp;4 maja \u2013 godz. 15<sup>00<\/sup> (poniedzia\u0142ek)<\/td><td>Tonkiele<\/td><\/tr><tr><td>&nbsp;5 maja \u2013 godz. 15<sup>00<\/sup> (wtorek)<\/td><td>W\u00f3lka Zamkowa- Msza \u015bw. o godz. 18.00 w k. pofranciszka\u0144skim<\/td><\/tr><tr><td>&nbsp;5 maja \u2013 godz. 15<sup>00<\/sup> (wtorek )<\/td><td>Chro\u0142owice<\/td><\/tr><tr><td>&nbsp;6 maja \u2013 godz. 15<sup>00<\/sup> (\u015broda)<\/td><td>&nbsp;Runice<\/td><\/tr><tr><td>&nbsp;6 maja \u2013 godz. 15<sup>00&nbsp;&nbsp; <\/sup>(\u015broda)<sup>&nbsp;&nbsp;&nbsp;&nbsp;&nbsp;&nbsp;&nbsp;&nbsp;&nbsp;&nbsp;&nbsp;&nbsp;&nbsp;&nbsp; <\/sup><sup><\/sup><\/td><td>Zaj\u0119czniki<\/td><\/tr><tr><td>&nbsp;7 maja \u2013 godz. 15<sup>00<\/sup> (czwartek)<\/td><td>K\u0142yz\u00f3wka<\/td><\/tr><tr><td>7 maja \u2013 godz. 12<sup>00<\/sup> (czwartek)<\/td><td>Sytki<\/td><\/tr><tr><td>8 maja &#8211; godz. 15<sup>00<\/sup>(pi\u0105tek )<\/td><td>Bujaki<\/td><\/tr><tr><td>&nbsp;8 maja \u2013 godz. 15<sup>00<\/sup> (pi\u0105tek)<\/td><td>Koczery<\/td><\/tr><tr><td>&nbsp;9 maja \u2013 godz. 10<sup>00<\/sup> (sobota )<\/td><td>Minczewo<\/td><\/tr><tr><td>&nbsp;9 maja \u2013 godz. 10<sup>00<\/sup> (sobota)<\/td><td>Sady<\/td><\/tr><tr><td>&nbsp;10 maja \u2013 godz. 12<sup>00<\/sup> (niedziela)<\/td><td>Chutkowice<\/td><\/tr><tr><td>&nbsp;11 maja\u2013 godz. 15<sup>00<\/sup> (poniedzia\u0142ek )<\/td><td>Lisowo Jan\u00f3wek<\/td><\/tr><\/tbody><\/table><\/figure>\n","protected":false},"excerpt":{"rendered":"<p>Po\u015bwi\u0119cenie p\u00f3l 2026 &nbsp;3 maja &nbsp;\u2013 godz. 1500 (niedziela) Drohiczyn- Msza \u015bw. godz. 1000 &nbsp;4 maja \u2013 godz. 1500 (poniedzia\u0142ek) Sieniewice &nbsp;4 maja \u2013 godz. 1500 (poniedzia\u0142ek) Tonkiele &nbsp;5 maja \u2013 godz. 1500 (wtorek) W\u00f3lka Zamkowa- Msza \u015bw. o godz. 18.00 w k. pofranciszka\u0144skim &nbsp;5 maja \u2013 godz. 1500 (wtorek ) Chro\u0142owice &nbsp;6 maja \u2013 [&hellip;]<\/p>\n","protected":false},"author":1,"featured_media":392,"comment_status":"closed","ping_status":"closed","sticky":false,"template":"","format":"standard","meta":{"footnotes":""},"categories":[1,10],"tags":[12],"class_list":["post-2613","post","type-post","status-publish","format-standard","has-post-thumbnail","hentry","category-aktualnosci","category-ogloszenia","tag-no-post-image"],"_links":{"self":[{"href":"https:\/\/parafiadrohiczyn.pl\/index.php\/wp-json\/wp\/v2\/posts\/2613","targetHints":{"allow":["GET"]}}],"collection":[{"href":"https:\/\/parafiadrohiczyn.pl\/index.php\/wp-json\/wp\/v2\/posts"}],"about":[{"href":"https:\/\/parafiadrohiczyn.pl\/index.php\/wp-json\/wp\/v2\/types\/post"}],"author":[{"embeddable":true,"href":"https:\/\/parafiadrohiczyn.pl\/index.php\/wp-json\/wp\/v2\/users\/1"}],"replies":[{"embeddable":true,"href":"https:\/\/parafiadrohiczyn.pl\/index.php\/wp-json\/wp\/v2\/comments?post=2613"}],"version-history":[{"count":2,"href":"https:\/\/parafiadrohiczyn.pl\/index.php\/wp-json\/wp\/v2\/posts\/2613\/revisions"}],"predecessor-version":[{"id":2632,"href":"https:\/\/parafiadrohiczyn.pl\/index.php\/wp-json\/wp\/v2\/posts\/2613\/revisions\/2632"}],"wp:featuredmedia":[{"embeddable":true,"href":"https:\/\/parafiadrohiczyn.pl\/index.php\/wp-json\/wp\/v2\/media\/392"}],"wp:attachment":[{"href":"https:\/\/parafiadrohiczyn.pl\/index.php\/wp-json\/wp\/v2\/media?parent=2613"}],"wp:term":[{"taxonomy":"category","embeddable":true,"href":"https:\/\/parafiadrohiczyn.pl\/index.php\/wp-json\/wp\/v2\/categories?post=2613"},{"taxonomy":"post_tag","embeddable":true,"href":"https:\/\/parafiadrohiczyn.pl\/index.php\/wp-json\/wp\/v2\/tags?post=2613"}],"curies":[{"name":"wp","href":"https:\/\/api.w.org\/{rel}","templated":true}]}}