{"id":2609,"date":"2026-04-21T08:51:20","date_gmt":"2026-04-21T06:51:20","guid":{"rendered":"https:\/\/parafiadrohiczyn.pl\/?p=2609"},"modified":"2026-04-21T08:51:47","modified_gmt":"2026-04-21T06:51:47","slug":"intencje-mszalne-20-26-04-2026-r","status":"publish","type":"post","link":"https:\/\/parafiadrohiczyn.pl\/index.php\/2026\/04\/21\/intencje-mszalne-20-26-04-2026-r\/","title":{"rendered":"Intencje mszalne &#8211; 20-26.04.2026 r."},"content":{"rendered":"\n<figure class=\"wp-block-table is-style-stripes\"><table><thead><tr><th class=\"has-text-align-center\" data-align=\"center\">DZIE\u0143 <\/th><th>GODZINA <\/th><th>INTENCJE <\/th><\/tr><\/thead><tbody><tr><td class=\"has-text-align-center\" data-align=\"center\"><center><strong>Poniedzia\u0142ek<\/strong> <br><strong>20 kwietnia<\/strong><\/center><\/td><td>godz. 7.00 <br>k. pofranciszka\u0144ski <\/td><td>1\/ za + Rozali\u0119 Kluczewsk\u0105 &nbsp;greg.-<strong> ks. Marian<\/strong><br>2\/ W intencji Agnieszki, z okazji imienin o Bo\u017ce <br>b\u0142ogos\u0142awie\u0144stwo i potrzebne \u0142aski \u2013 ofiarowa\u0142 Franciszka\u0144ski <br>Zakon \u015awieckich <strong>&nbsp;\u2013 ks. Proboszcz<\/strong><br><em>\/w kaplicy Si\u00f3str benedyktynek ks. Kazimierz odprawia Msz\u0119 <br>\u015bw. gregoria\u0144sk\u0105&nbsp;<\/em> za + Czes\u0142awa Kosi\u0144skiego<\/td><\/tr><tr><td class=\"has-text-align-center\" data-align=\"center\"><\/td><td>godz. 7.00 <br>ss. Bened. <\/td><td>1\/ za + Czes\u0142awa Kosi\u0144skiego greg<strong>. \u2013 ks. Kazimierz<\/strong><\/td><\/tr><tr><td class=\"has-text-align-center\" data-align=\"center\"><\/td><td>godz. 18.00<br><strong>Katedra<\/strong><\/td><td>1\/ za + Mariana Kry\u0144skiego \u2013 of. rodzina\u0141opuskich\u2013 <strong>ks. \u0141ukasz<\/strong><br>2\/ Dz- b\u0142ag. w intencji Igi w 3 urodziny, o Bo\u017ce b\u0142ogos\u0142awie\u0144stwo, <br>opiek\u0119 MB i potrzebne \u0142aski <strong>\u2013 ks. Benedykt<\/strong><br>3\/ za + Lucjana Domaracze\u0144ko u. pog.\u2013 <strong>ks. Mieczys\u0142aw<\/strong><\/td><\/tr><tr><td class=\"has-text-align-center\" data-align=\"center\"><center><strong>Wtorek<br>21 kwietnia<\/strong><\/center><\/td><td>godz. 7.00 <br>k. pofranciszka\u0144ski <\/td><td>1\/ za + Rozali\u0119 Kluczewsk\u0105 &nbsp;greg.-<strong> ks. Marian<\/strong><br>2\/ za + El\u017cbiet\u0119 Kosi\u0144sk\u0105- ofiarowali pracownicy Piekarni <br>Podlaskiej<strong> \u2013 ks. Proboszcz<\/strong><br><em>\/w kaplicy Si\u00f3str benedyktynek ks. Kazimierz odprawia Msz\u0119 <br>\u015bw. gregoria\u0144sk\u0105<\/em>&nbsp; za + Czes\u0142awa Kosi\u0144skiego<\/td><\/tr><tr><td class=\"has-text-align-center\" data-align=\"center\"><\/td><td>godz. 7.00 <br>ss. Bened.<\/td><td>1\/ za + Czes\u0142awa Kosi\u0144skiego greg<strong>. \u2013 ks. Kazimierz<\/strong><\/td><\/tr><tr><td class=\"has-text-align-center\" data-align=\"center\"><\/td><td>godz. 18.00<br>k. pofranciszka\u0144ski<\/td><td>1\/ za + Mari\u0119 Leszczy\u0144sk\u0105 \u2013 of. koledzy i kole\u017canki z pracy w Koczerach <br>&#8211; <strong>Ks. Mieczys\u0142aw<\/strong><br>2\/ za + Halin\u0119 Gamdzyk \u2013 of. s\u0105siedzi z blok\u00f3w przy ul. Warszawskiej <br><strong>\u2013 ks. Benedykt<\/strong><br>3\/ za + Jaros\u0142awa w 5 r. \u015bm. i zmar\u0142ych z rodziny<strong> \u2013 ks. \u0141ukasz<\/strong><\/td><\/tr><tr><td class=\"has-text-align-center\" data-align=\"center\"><center><strong>\u015aroda<br><strong><center><strong>22 kwietnia<\/strong><\/center><\/strong><\/strong><\/center><\/td><td>godz. 7.00<br>k. pofranciszka\u0144ski <\/td><td>1\/ za + Rozali\u0119 Kluczewsk\u0105 &nbsp;greg.-<strong> ks. Marian<\/strong><br>2\/ W intencji osoby Panu Bogu wiadomej o szcz\u0119\u015bliw\u0105 operacj\u0119<strong> <\/strong><br><strong>\u2013 ks. Proboszcz<\/strong><br><em>\/w kaplicy Si\u00f3str benedyktynek ks. Kazimierz odprawia Msz\u0119 <\/em><br><em>\u015bw. gregoria\u0144sk\u0105<\/em>&nbsp; za + Czes\u0142awa Kosi\u0144skiego<\/td><\/tr><tr><td class=\"has-text-align-center\" data-align=\"center\"><\/td><td>godz. 7.00 <br>ss. Bened.<\/td><td>1\/ za + Czes\u0142awa Kosi\u0144skiego greg<strong>. \u2013 ks. Kazimierz<\/strong><\/td><\/tr><tr><td class=\"has-text-align-center\" data-align=\"center\"><\/td><td>godz. 18.00<br><strong>Katedra<\/strong><\/td><td>1\/ za + Mariusza Grzybowskiego \u2013 <strong>ks. Proboszcz<\/strong><br>2\/ za + Antoniego Hajwosa u. pog.<strong> \u2013 ks. \u0141ukasz<\/strong><br>3\/ za + Natali\u0119, Stanis\u0142awa, Edwarda, Barbar\u0119 Miko\u0142ajewskich<strong> <\/strong><br><strong>\u2013 ks. Benedykt<\/strong><br>4\/ za + Ann\u0119 i W\u0142adys\u0142awa Perlejewskich i zmar\u0142ych z rodziny<strong> <\/strong><br><strong>\u2013 ks. Mieczys\u0142aw<\/strong><\/td><\/tr><tr><td class=\"has-text-align-center\" data-align=\"center\"><center><strong>Czwartek<br><center><strong>23 kwietnia<\/strong><\/center><\/strong><\/center><\/td><td>godz. 7.00<br>k. pofranciszka\u0144ski<\/td><td><\/td><\/tr><tr><td class=\"has-text-align-center\" data-align=\"center\"><\/td><td>godz. 7.00 <br>ss. Bened.<\/td><td><\/td><\/tr><tr><td class=\"has-text-align-center\" data-align=\"center\"><\/td><td>godz. 18.00<br><strong>Katedra<\/strong><\/td><td><\/td><\/tr><tr><td class=\"has-text-align-center\" data-align=\"center\"><center><strong>Pi\u0105tek<br><center><strong>24 kwietnia<\/strong><\/center><\/strong><\/center><\/td><td>godz. 7.00<br>k. pofranciszka\u0144ski<\/td><td><\/td><\/tr><tr><td class=\"has-text-align-center\" data-align=\"center\"><\/td><td>godz. 7.00 <br>ss. Bened.<\/td><td><\/td><\/tr><tr><td class=\"has-text-align-center\" data-align=\"center\"><\/td><td>godz. 18.00<br><strong>Katedra<\/strong><\/td><td><\/td><\/tr><tr><td class=\"has-text-align-center\" data-align=\"center\"><center><strong>Sobota<br><center><strong>25 kwietnia<\/strong><\/center><\/strong><\/center><\/td><td>godz. 7.00<br>k. pofranciszka\u0144ski <\/td><td><\/td><\/tr><tr><td class=\"has-text-align-center\" data-align=\"center\"><\/td><td>godz. 7.00 <br>ss. Bened<\/td><td><\/td><\/tr><tr><td class=\"has-text-align-center\" data-align=\"center\"><\/td><td>godz. 18.00<br><strong>Katedra<\/strong><\/td><td><\/td><\/tr><tr><td class=\"has-text-align-center\" data-align=\"center\"><center><strong><mark style=\"background-color:rgba(0, 0, 0, 0);color:#c3031a\" class=\"has-inline-color\">Niedziela<br>26 kwietnia<\/mark><\/strong><\/center><\/td><td>godz. 7.00 <br>Kaplica<br>ss. Bened<\/td><td><\/td><\/tr><tr><td class=\"has-text-align-center\" data-align=\"center\"><\/td><td>godz. 8.00<br>Katedra<\/td><td><\/td><\/tr><tr><td class=\"has-text-align-center\" data-align=\"center\"><\/td><td>godz. 8.30<br>k. pofranciszka\u0144ski<\/td><td><\/td><\/tr><tr><td class=\"has-text-align-center\" data-align=\"center\"><\/td><td>godz. 10.00<br>Katedra<\/td><td><\/td><\/tr><tr><td class=\"has-text-align-center\" data-align=\"center\"><\/td><td>godz. 12.00<br>Katedra<\/td><td><\/td><\/tr><tr><td class=\"has-text-align-center\" data-align=\"center\"><\/td><td>godz. 18.00<br>Katedra<\/td><td><\/td><\/tr><\/tbody><\/table><\/figure>\n","protected":false},"excerpt":{"rendered":"<p>DZIE\u0143 GODZINA INTENCJE Poniedzia\u0142ek 20 kwietnia godz. 7.00 k. pofranciszka\u0144ski 1\/ za + Rozali\u0119 Kluczewsk\u0105 &nbsp;greg.- ks. Marian2\/ W intencji Agnieszki, z okazji imienin o Bo\u017ce b\u0142ogos\u0142awie\u0144stwo i potrzebne \u0142aski \u2013 ofiarowa\u0142 Franciszka\u0144ski Zakon \u015awieckich &nbsp;\u2013 ks. Proboszcz\/w kaplicy Si\u00f3str benedyktynek ks. Kazimierz odprawia Msz\u0119 \u015bw. gregoria\u0144sk\u0105&nbsp; za + Czes\u0142awa Kosi\u0144skiego godz. 7.00 ss. Bened. [&hellip;]<\/p>\n","protected":false},"author":1,"featured_media":390,"comment_status":"closed","ping_status":"closed","sticky":false,"template":"","format":"standard","meta":{"footnotes":""},"categories":[9],"tags":[12],"class_list":["post-2609","post","type-post","status-publish","format-standard","has-post-thumbnail","hentry","category-intencje","tag-no-post-image"],"_links":{"self":[{"href":"https:\/\/parafiadrohiczyn.pl\/index.php\/wp-json\/wp\/v2\/posts\/2609","targetHints":{"allow":["GET"]}}],"collection":[{"href":"https:\/\/parafiadrohiczyn.pl\/index.php\/wp-json\/wp\/v2\/posts"}],"about":[{"href":"https:\/\/parafiadrohiczyn.pl\/index.php\/wp-json\/wp\/v2\/types\/post"}],"author":[{"embeddable":true,"href":"https:\/\/parafiadrohiczyn.pl\/index.php\/wp-json\/wp\/v2\/users\/1"}],"replies":[{"embeddable":true,"href":"https:\/\/parafiadrohiczyn.pl\/index.php\/wp-json\/wp\/v2\/comments?post=2609"}],"version-history":[{"count":2,"href":"https:\/\/parafiadrohiczyn.pl\/index.php\/wp-json\/wp\/v2\/posts\/2609\/revisions"}],"predecessor-version":[{"id":2611,"href":"https:\/\/parafiadrohiczyn.pl\/index.php\/wp-json\/wp\/v2\/posts\/2609\/revisions\/2611"}],"wp:featuredmedia":[{"embeddable":true,"href":"https:\/\/parafiadrohiczyn.pl\/index.php\/wp-json\/wp\/v2\/media\/390"}],"wp:attachment":[{"href":"https:\/\/parafiadrohiczyn.pl\/index.php\/wp-json\/wp\/v2\/media?parent=2609"}],"wp:term":[{"taxonomy":"category","embeddable":true,"href":"https:\/\/parafiadrohiczyn.pl\/index.php\/wp-json\/wp\/v2\/categories?post=2609"},{"taxonomy":"post_tag","embeddable":true,"href":"https:\/\/parafiadrohiczyn.pl\/index.php\/wp-json\/wp\/v2\/tags?post=2609"}],"curies":[{"name":"wp","href":"https:\/\/api.w.org\/{rel}","templated":true}]}}