{"id":2577,"date":"2026-03-16T12:27:49","date_gmt":"2026-03-16T11:27:49","guid":{"rendered":"https:\/\/parafiadrohiczyn.pl\/?p=2577"},"modified":"2026-03-16T12:27:50","modified_gmt":"2026-03-16T11:27:50","slug":"intencje-mszalne-16-22-03-2026-r","status":"publish","type":"post","link":"https:\/\/parafiadrohiczyn.pl\/index.php\/2026\/03\/16\/intencje-mszalne-16-22-03-2026-r\/","title":{"rendered":"Intencje mszalne 16-22.03.2026 r."},"content":{"rendered":"\n<figure class=\"wp-block-table is-style-stripes\"><table><thead><tr><th class=\"has-text-align-center\" data-align=\"center\">DZIE\u0143 <\/th><th>GODZINA <\/th><th>INTENCJE <\/th><\/tr><\/thead><tbody><tr><td class=\"has-text-align-center\" data-align=\"center\"><center><strong>Poniedzia\u0142ek<\/strong> <br><strong>16 marca<\/strong><\/center><\/td><td>godz. 7.00 <br>k. pofranciszka\u0144ski <\/td><td>1\/ za + Wand\u0119 Maksymiak greg<strong> \u2013 ks. Marian<\/strong><br>2\/ za + Juli\u0119 i Leona oraz ich rodzic\u00f3w<strong> \u2013 ks. Proboszcz<\/strong><\/td><\/tr><tr><td class=\"has-text-align-center\" data-align=\"center\"><\/td><td>godz. 7.00 <br>ss. Bened. <\/td><td>Za parafian \u2013 <strong>Ks. Kazimierz<\/strong><\/td><\/tr><tr><td class=\"has-text-align-center\" data-align=\"center\"><\/td><td>godz. 18.00<br><strong>Katedra<\/strong><\/td><td>1\/ za + ks. Piotra Burego w 17 r. \u015bm. <strong>\u2013 ks. Proboszcz<\/strong><br>2\/ za + Stanis\u0142awa Krak\u00f3wko<strong> \u2013 ks. \u0141ukasz<\/strong><br>3\/ za + Ma\u0142gorzat\u0119 Grajewsk\u0105 \u2013 ofiara p. Agnieszki Michaluk<br><strong> \u2013 ks. Benedykt<\/strong><\/td><\/tr><tr><td class=\"has-text-align-center\" data-align=\"center\"><center><strong>Wtorek<br>17 marca<\/strong><\/center><\/td><td>godz. 7.00 <br>k. pofranciszka\u0144ski <\/td><td>1\/ za + Wand\u0119 Maksymiak greg<strong> \u2013 ks. Marian<\/strong><br>2\/ W intencji os\u00f3b uzale\u017cnionych od alkoholu<strong> \u2013 ks. \u0141ukasz<\/strong><\/td><\/tr><tr><td class=\"has-text-align-center\" data-align=\"center\"><\/td><td>godz. 7.00 <br>ss. Bened.<\/td><td>Za parafian \u2013 <strong>Ks. Kazimierz<\/strong><\/td><\/tr><tr><td class=\"has-text-align-center\" data-align=\"center\"><\/td><td>godz. 18.00<br>k. pofranciszka\u0144ski<\/td><td>1\/<strong> <\/strong>Dz-b\u0142ag w intencji Zbigniewa, o Bo\u017ce b\u0142ogos\u0142awie\u0144stwo <br>i opiek\u0119 MB<strong> \u2013 ks. Proboszcz<\/strong><br>2\/ za+ Jadwig\u0119 i Tadeusza<strong> \u2013 ks. \u0141ukasz<\/strong><br>3\/ za + Helen\u0119 i Stanis\u0142awa Mas\u0142owskich<strong> \u2013 ks. Benedykt<\/strong><br>4\/ za + Lucyn\u0119 Krak\u00f3wko w 14 r. \u015bm. , Stanis\u0142aw\u0119 i Wac\u0142awa Kosi\u0144skich<strong> <\/strong><br><strong>\u2013 ks. Mieczys\u0142aw<\/strong><\/td><\/tr><tr><td class=\"has-text-align-center\" data-align=\"center\"><center><strong>\u015aroda<br><strong><center><strong>18 marca<\/strong><\/center><\/strong><\/strong><\/center><\/td><td>godz. 7.00<br>k. pofranciszka\u0144ski <\/td><td>1\/ za + Wand\u0119 Maksymiak greg<strong> \u2013 ks. Marian<\/strong><\/td><\/tr><tr><td class=\"has-text-align-center\" data-align=\"center\"><\/td><td>godz. 7.00 <br>ss. Bened.<\/td><td>\u2013 <strong>Ks. Kazimierz<\/strong><\/td><\/tr><tr><td class=\"has-text-align-center\" data-align=\"center\"><\/td><td>godz. 18.00<br><strong>Katedra<\/strong><\/td><td>1\/ za + ks. Henryka Nowaka w 1 r. \u015bm.\u2013 <strong>ks. Proboszcz<\/strong><br>2\/ za + Helen\u0119, Ann\u0119 i Henryka Ratyniak, Janin\u0119 i J\u00f3zefa Ratyniak <br><strong>\u2013 ks. \u0141ukasz<\/strong><br>3\/ <strong>EGZEKWIE<\/strong> za + Ma\u0142gorzat\u0119 Grajewsk\u0105 w 30 dzie\u0144 po \u015bm.<strong> <\/strong><br><strong>\u2013 ks. Mieczys\u0142aw<\/strong><br>4\/ za + Alin\u0119 Pyka\u0142o u. pog.<strong> \u2013 ks. Benedykt<\/strong><\/td><\/tr><tr><td class=\"has-text-align-center\" data-align=\"center\"><center><strong>Czwartek<br><center><strong>19 marca<\/strong><\/center><\/strong><\/center><\/td><td>godz. 7.00<br>k. pofranciszka\u0144ski<\/td><td>1\/ za + Wand\u0119 Maksymiak greg<strong> \u2013 ks. Marian<\/strong><br>2\/ za + J\u00f3zefa Sica<strong> \u2013 ks. Proboszcz<\/strong><br>3\/ za + J\u00f3zef\u0119 Stolarkiewicz i Eugeniusza Stolarkiewicza <strong>\u2013 ks. \u0141ukasz<\/strong><\/td><\/tr><tr><td class=\"has-text-align-center\" data-align=\"center\"><\/td><td>godz. 7.00 <br>ss. Bened.<\/td><td>\u2013 <strong>Ks. Kazimierz<\/strong><\/td><\/tr><tr><td class=\"has-text-align-center\" data-align=\"center\"><\/td><td>godz. 18.00<br><strong>Katedra<\/strong><\/td><td>1\/ za + J\u00f3zefa Izdebskiego \u2013 <strong>ks. Proboszcz<\/strong><br>2\/ za + J\u00f3zefa Moczulskiego w 8 r. \u015bm. i jego rodzic\u00f3w Czes\u0142awa <br>i Stanis\u0142aw\u0119<strong> \u2013 ks. \u0141ukasz<\/strong><br>3\/ za + J\u00f3zefa Pyka\u0142o, Antoniego i ich rodzic\u00f3w: Aleksandr\u0119 <br>i J\u00f3zefa<strong> \u2013 ks. Benedykt<\/strong><br>4\/ za + Halin\u0119, Romana, J\u00f3\u017cefa i Zdzis\u0142awa Go\u0142owczy\u0144skich<strong> <\/strong><br><strong>\u2013 ks. Mieczys\u0142aw<\/strong><\/td><\/tr><tr><td class=\"has-text-align-center\" data-align=\"center\"><center><strong>Pi\u0105tek<br><center><strong>20 marca<\/strong><\/center><\/strong><\/center><\/td><td>godz. 7.00<br>k. pofranciszka\u0144ski<\/td><td>1\/ za + Wand\u0119 Maksymiak greg<strong> \u2013 ks. Marian<\/strong><br>2\/ za + El\u017cbiet\u0119 Kosi\u0144sk\u0105 \u2013 ofiara koleg\u00f3w i kole\u017canek od dializ<strong> <\/strong><br><strong>\u2013 ks. Proboszcz<\/strong><\/td><\/tr><tr><td class=\"has-text-align-center\" data-align=\"center\"><\/td><td>godz. 7.00 <br>ss. Bened.<\/td><td>\u2013 <strong>Ks. Kazimierz<\/strong><\/td><\/tr><tr><td class=\"has-text-align-center\" data-align=\"center\"><\/td><td>godz. 18.00<br><strong>Katedra<\/strong><\/td><td>1\/ za + Kazimierza Bu\u015bko w 18 r. \u015bm. &#8211; <strong>ks. \u0141ukasz<\/strong><br>2\/ za + Krystyn\u0119 Chlebi\u0144sk\u0105 u. pog.<strong> \u2013 ks. Benedykt<\/strong><br>3\/ Do \u015bw. Andrzeja Boboli w intencjach ofiarodawc\u00f3w <strong>\u2013 ks. Mieczys\u0142aw<\/strong><\/td><\/tr><tr><td class=\"has-text-align-center\" data-align=\"center\"><center><strong>Sobota<br><center><strong>21 marca<\/strong><\/center><\/strong><\/center><\/td><td>godz. 7.00<br>k. pofranciszka\u0144ski <\/td><td>1\/ za + Wand\u0119 Maksymiak greg<strong> \u2013 ks. Marian<\/strong><\/td><\/tr><tr><td class=\"has-text-align-center\" data-align=\"center\"><\/td><td>godz. 7.00 <br>ss. Bened<\/td><td>\u2013 <strong>Ks. Kazimierz<\/strong><\/td><\/tr><tr><td class=\"has-text-align-center\" data-align=\"center\"><\/td><td>godz. 18.00<br><strong>Katedra<\/strong><\/td><td>1\/ za + Henryka w 7 r. \u015bm., Helen\u0119 i Jana \u00a0<strong>&#8211; ks. Proboszcz<\/strong><br>2\/ za + Andrzeja w 1 r. \u015bm. <strong>\u00a0\u2013 ks. \u0141ukasz<\/strong><br>3\/ za + Zbigniewa Kosi\u0144skiego i zmar\u0142ych rodzic\u00f3w z obojga stron<strong> <\/strong><br><strong>\u2013 ks. Benedykt<\/strong><br>4\/ za + Lucjana Domaracze\u0144ko u. pog.<strong> \u2013 ks. Mieczys\u0142aw<\/strong><\/td><\/tr><tr><td class=\"has-text-align-center\" data-align=\"center\"><center><strong><mark style=\"background-color:rgba(0, 0, 0, 0);color:#c3031a\" class=\"has-inline-color\">Niedziela<br>22 marca<\/mark><\/strong><\/center><\/td><td>godz. 7.00 <br>Kaplica<br>ss. Bened<\/td><td>1\/ W intencji dobrodziej\u00f3w klasztoru Si\u00f3str Benedyktynek, <br>o Bo\u017ce b\u0142ogos\u0142awie\u0144stwo dla \u017cyj\u0105cych i \u017cycie wieczne <br>dla zmar\u0142ych \u2013 <strong>ks. Rafa\u0142<\/strong><\/td><\/tr><tr><td class=\"has-text-align-center\" data-align=\"center\"><\/td><td>godz. 8.00<br>Katedra<\/td><td>1\/ za parafian \u00a0\u2013 <strong>Ks. Kazimierz<\/strong><\/td><\/tr><tr><td class=\"has-text-align-center\" data-align=\"center\"><\/td><td>godz. 8.30<br>k. pofranciszka\u0144ski<\/td><td>1\/<strong> <\/strong>za + Rozali\u0119 Kluczewsk\u0105 w 30 dzie\u0144 po \u015bm. &#8211; <strong>ks. Rafa\u0142<\/strong><br>2\/ za + J\u00f3zef\u0119 i Kazimierza Pop\u0142awskich<strong> \u2013 ks. Marian<\/strong><br>3\/ za + Bogdana Gola\u0144skiego w 11 r. \u015bm., Tadeusza Gola\u0144skiego <br>w 2 r. \u015bm., i Macieja Malinowskiego<strong> \u2013 ks. Zdzis\u0142aw Jancewicz<\/strong><\/td><\/tr><tr><td class=\"has-text-align-center\" data-align=\"center\"><\/td><td>godz. 10.00<br>Katedra<\/td><td>1\/ za + Jadwig\u0119 i Kazimierza i ich rodzic\u00f3w <strong>\u2013 ks. Zdzis\u0142aw <\/strong><br><strong>Jancewicz<\/strong><br>2\/ za + Jadwig\u0119 Markiewicz i zmar\u0142ych z rodziny Markiewicz<br><strong>\u2013 ks. Benedykt<\/strong><br>3\/ za + Antoniego Ma\u0107kowiaka w 2 r. i zmar\u0142ych z rodziny <br>Pietrasiuk\u00f3w <strong>&#8211; ks. Mieczys\u0142aw<\/strong><\/td><\/tr><tr><td class=\"has-text-align-center\" data-align=\"center\"><\/td><td>godz. 12.00<br>Katedra<\/td><td>1\/ za + Wand\u0119 Maksymiak greg<strong> \u2013 ks. Zdzis\u0142aw Jancewicz<\/strong><br>2\/ za + Barbar\u0119 Gawrysiuk u. pog. &#8211; <strong>ks. Benedykt<\/strong><br>3\/ za + Helen\u0119, Wac\u0142awa, Lucyn\u0119, Halin\u0119, Stanis\u0142awa i zmar\u0142ych <br>z rodziny<strong> \u2013 ks. Mieczys\u0142aw<\/strong><\/td><\/tr><tr><td class=\"has-text-align-center\" data-align=\"center\"><\/td><td>godz. 18.00<br>Katedra<\/td><td>1\/ za + Jadwig\u0119 i Henryka \u00a0<strong>\u2013 ks. \u00a0Proboszcz<\/strong><\/td><\/tr><\/tbody><\/table><\/figure>\n","protected":false},"excerpt":{"rendered":"<p>DZIE\u0143 GODZINA INTENCJE Poniedzia\u0142ek 16 marca godz. 7.00 k. pofranciszka\u0144ski 1\/ za + Wand\u0119 Maksymiak greg \u2013 ks. Marian2\/ za + Juli\u0119 i Leona oraz ich rodzic\u00f3w \u2013 ks. Proboszcz godz. 7.00 ss. Bened. Za parafian \u2013 Ks. Kazimierz godz. 18.00Katedra 1\/ za + ks. Piotra Burego w 17 r. \u015bm. \u2013 ks. Proboszcz2\/ za [&hellip;]<\/p>\n","protected":false},"author":1,"featured_media":390,"comment_status":"closed","ping_status":"closed","sticky":false,"template":"","format":"standard","meta":{"footnotes":""},"categories":[9],"tags":[12],"class_list":["post-2577","post","type-post","status-publish","format-standard","has-post-thumbnail","hentry","category-intencje","tag-no-post-image"],"_links":{"self":[{"href":"https:\/\/parafiadrohiczyn.pl\/index.php\/wp-json\/wp\/v2\/posts\/2577","targetHints":{"allow":["GET"]}}],"collection":[{"href":"https:\/\/parafiadrohiczyn.pl\/index.php\/wp-json\/wp\/v2\/posts"}],"about":[{"href":"https:\/\/parafiadrohiczyn.pl\/index.php\/wp-json\/wp\/v2\/types\/post"}],"author":[{"embeddable":true,"href":"https:\/\/parafiadrohiczyn.pl\/index.php\/wp-json\/wp\/v2\/users\/1"}],"replies":[{"embeddable":true,"href":"https:\/\/parafiadrohiczyn.pl\/index.php\/wp-json\/wp\/v2\/comments?post=2577"}],"version-history":[{"count":1,"href":"https:\/\/parafiadrohiczyn.pl\/index.php\/wp-json\/wp\/v2\/posts\/2577\/revisions"}],"predecessor-version":[{"id":2578,"href":"https:\/\/parafiadrohiczyn.pl\/index.php\/wp-json\/wp\/v2\/posts\/2577\/revisions\/2578"}],"wp:featuredmedia":[{"embeddable":true,"href":"https:\/\/parafiadrohiczyn.pl\/index.php\/wp-json\/wp\/v2\/media\/390"}],"wp:attachment":[{"href":"https:\/\/parafiadrohiczyn.pl\/index.php\/wp-json\/wp\/v2\/media?parent=2577"}],"wp:term":[{"taxonomy":"category","embeddable":true,"href":"https:\/\/parafiadrohiczyn.pl\/index.php\/wp-json\/wp\/v2\/categories?post=2577"},{"taxonomy":"post_tag","embeddable":true,"href":"https:\/\/parafiadrohiczyn.pl\/index.php\/wp-json\/wp\/v2\/tags?post=2577"}],"curies":[{"name":"wp","href":"https:\/\/api.w.org\/{rel}","templated":true}]}}