{"id":2575,"date":"2026-03-15T10:52:20","date_gmt":"2026-03-15T09:52:20","guid":{"rendered":"https:\/\/parafiadrohiczyn.pl\/?p=2575"},"modified":"2026-03-16T10:53:00","modified_gmt":"2026-03-16T09:53:00","slug":"4-niedziela-wielkiego-postu-5","status":"publish","type":"post","link":"https:\/\/parafiadrohiczyn.pl\/index.php\/2026\/03\/15\/4-niedziela-wielkiego-postu-5\/","title":{"rendered":"4 Niedziela Wielkiego Postu"},"content":{"rendered":"\n<ol class=\"wp-block-list\">\n<li>Miejsko Gminny O\u015brodek Kultury w Drohiczynie i nasza parafia organizuj\u0105 Przegl\u0105d Pie\u015bni Wielkopostnych i Pasyjnych, kt\u00f3ry odb\u0119dzie si\u0119 w przysz\u0142\u0105 niedziel\u0119 22 marca o godz. 13.00 w naszej katedrze. Zapraszamy<\/li>\n\n\n\n<li>Spotkanie Akcji Katolickiej we wtorek 17 marca po Mszy \u015bw. wieczornej.<\/li>\n\n\n\n<li>Za tydzie\u0144 w niedziel\u0119 22 marca rozpoczynamy nasze rekolekcje wielkopostne, kt\u00f3re poprowadzi ks. kanonik Zdzis\u0142aw Jancewicz, proboszcz parafii w \u015aledzianowie. W przysz\u0142a niedziel\u0119 ofiary, kt\u00f3re z\u0142o\u017cymy na tac\u0119 b\u0119d\u0105 przeznaczone do dyspozycji rekolekcjonisty.<\/li>\n\n\n\n<li>W przysz\u0142\u0105 niedziel\u0119 nabo\u017ce\u0144stwo Gorzkich \u017bali b\u0119dzie po Mszy \u015bw. o godz. 10.00<\/li>\n\n\n\n<li>Zach\u0119camy do nabywania i czytania Tygodnika Niedziela.<\/li>\n\n\n\n<li>Zapowiedzi przed\u015blubne. Do stanu ma\u0142\u017ce\u0144skiego przygotowuj\u0105 si\u0119 nast\u0119puj\u0105ce osoby: Karol Szymon Tryniszewski, kawaler z parafii tutejszej i Martyna Bu\u015bko, panna z parafii tutejszej, zapowied\u017a pierwsza. Kto by wiedzia\u0142 o przeszodach zachodz\u0105cych pomi\u0119dzy tymi osobami, niech powiadomi kancelari\u0119 parafialn\u0105.<\/li>\n<\/ol>\n","protected":false},"excerpt":{"rendered":"","protected":false},"author":1,"featured_media":392,"comment_status":"closed","ping_status":"closed","sticky":false,"template":"","format":"standard","meta":{"footnotes":""},"categories":[1,10],"tags":[12],"class_list":["post-2575","post","type-post","status-publish","format-standard","has-post-thumbnail","hentry","category-aktualnosci","category-ogloszenia","tag-no-post-image"],"_links":{"self":[{"href":"https:\/\/parafiadrohiczyn.pl\/index.php\/wp-json\/wp\/v2\/posts\/2575","targetHints":{"allow":["GET"]}}],"collection":[{"href":"https:\/\/parafiadrohiczyn.pl\/index.php\/wp-json\/wp\/v2\/posts"}],"about":[{"href":"https:\/\/parafiadrohiczyn.pl\/index.php\/wp-json\/wp\/v2\/types\/post"}],"author":[{"embeddable":true,"href":"https:\/\/parafiadrohiczyn.pl\/index.php\/wp-json\/wp\/v2\/users\/1"}],"replies":[{"embeddable":true,"href":"https:\/\/parafiadrohiczyn.pl\/index.php\/wp-json\/wp\/v2\/comments?post=2575"}],"version-history":[{"count":1,"href":"https:\/\/parafiadrohiczyn.pl\/index.php\/wp-json\/wp\/v2\/posts\/2575\/revisions"}],"predecessor-version":[{"id":2576,"href":"https:\/\/parafiadrohiczyn.pl\/index.php\/wp-json\/wp\/v2\/posts\/2575\/revisions\/2576"}],"wp:featuredmedia":[{"embeddable":true,"href":"https:\/\/parafiadrohiczyn.pl\/index.php\/wp-json\/wp\/v2\/media\/392"}],"wp:attachment":[{"href":"https:\/\/parafiadrohiczyn.pl\/index.php\/wp-json\/wp\/v2\/media?parent=2575"}],"wp:term":[{"taxonomy":"category","embeddable":true,"href":"https:\/\/parafiadrohiczyn.pl\/index.php\/wp-json\/wp\/v2\/categories?post=2575"},{"taxonomy":"post_tag","embeddable":true,"href":"https:\/\/parafiadrohiczyn.pl\/index.php\/wp-json\/wp\/v2\/tags?post=2575"}],"curies":[{"name":"wp","href":"https:\/\/api.w.org\/{rel}","templated":true}]}}