{"id":2365,"date":"2025-03-30T20:21:43","date_gmt":"2025-03-30T18:21:43","guid":{"rendered":"https:\/\/parafiadrohiczyn.pl\/?p=2365"},"modified":"2025-03-30T20:21:44","modified_gmt":"2025-03-30T18:21:44","slug":"4-niedziela-wielkiego-postu-4","status":"publish","type":"post","link":"https:\/\/parafiadrohiczyn.pl\/index.php\/2025\/03\/30\/4-niedziela-wielkiego-postu-4\/","title":{"rendered":"4 Niedziela Wielkiego Postu"},"content":{"rendered":"\n<ol class=\"wp-block-list\">\n<li>Miejsko Gminny O\u015brodek Kultury w Drohiczynie i nasza parafia organizuj\u0105 Przegl\u0105d Pie\u015bni Wielkopostnych i Pasyjnych, kt\u00f3ry odb\u0119dzie si\u0119 w przysz\u0142\u0105 niedziel\u0119 6 kwietnia o godz. 13.00 w naszej katedrze. Zapraszamy<\/li>\n\n\n\n<li>Spotkanie Akcji Katolickiej we wtorek 1 kwietnia po Mszy \u015bw. wieczornej.<\/li>\n\n\n\n<li>W \u015brod\u0119 2 kwietnia przypada 20 rocznica \u015bmierci\u00a0\u00a0\u015bw. Jana Paw\u0142a II. Zapraszamy na czuwanie modlitewne do naszej katedry na godz. 21.00. W programie : Apel Jasnog\u00f3rski, wsp\u00f3lna modlitwa, fragmenty testamentu papie\u017ca, uroczyste bicie dzwon\u00f3w. Czuwanie zako\u0144czymy o godz. 21.37<\/li>\n\n\n\n<li>W tym tygodniu przypada:\u00a0\u00a0I czwartek miesi\u0105ca, modlimy si\u0119 w intencji powo\u0142a\u0144 do s\u0142u\u017cby w Ko\u015bciele. O godz. 17.30 r\u00f3\u017caniec poprowadzi Ko\u0142o R\u00f3\u017ca\u0144cowe M\u0142odzie\u017cy<\/li>\n\n\n\n<li>W pierwszy pi\u0105tek miesi\u0105ca do chorych udamy si\u0119 z komuni\u0105 \u015bw. od godz. 9.00. Nabo\u017ce\u0144stwo w kaplicy w Minczewie o godz. 15.00<\/li>\n\n\n\n<li>W pierwsz\u0105 sobot\u0119 miesi\u0105ca r\u00f3\u017caniec fatimski po Mszy \u015bw. o godz. 7.00 w ko\u015bciele pofranciszka\u0144skim.\u00a0<\/li>\n\n\n\n<li>W tym tygodniu przeprowadzamy zbi\u00f3rk\u0119 zu\u017cytego sprz\u0119tu AGD RTV. Doch\u00f3d ze zbi\u00f3rki b\u0119dzie przeznaczony na pomoc siostrom Loretankom pracuj\u0105cym na misjach. Sprz\u0119t mo\u017cna przywozi\u0107 na parking przy katedrze w czwartek 3 kwietnia.\u00a0<\/li>\n\n\n\n<li>Parafialny Oddzia\u0142 Caritas informuje, \u017ce b\u0119dzie wydawana \u017cywno\u015b\u0107 z programu: Fundusze Europejskie na Pomoc \u017bywno\u015bciow\u0105. Zapraszamy w dniach: 2, 3, 4 kwietnia ( \u015broda, czwartek, pi\u0105tek) w godzinach od 9.00 do 12.00 i od 15.00 do 17.00<\/li>\n\n\n\n<li>Za tydzie\u0144 w niedziel\u0119 6 kwietnia rozpoczynamy nasze rekolekcje wielkopostne, kt\u00f3re poprowadzi ks. Jaros\u0142aw B\u0142a\u017cejak, Misjonarz Mi\u0142osierdzia, Egzorcysta, proboszcz parafii Podwy\u017cszenia Krzy\u017ca \u015awi\u0119tego w Czertajewie . W przysz\u0142a niedziel\u0119 ofiary, kt\u00f3re z\u0142o\u017cymy na tac\u0119 b\u0119d\u0105 przeznaczone do dyspozycji rekolekcjonisty.\u00a0<\/li>\n\n\n\n<li>W przysz\u0142\u0105 niedziel\u0119 nabo\u017ce\u0144stwo Gorzkich \u017bali b\u0119dzie po Mszy \u015bw. o godz. 10.00 i nast\u0119pnie K\u017bR b\u0119d\u0105 mia\u0142y zmian\u0119 tajemnic r\u00f3\u017ca\u0144cowych. Tego dnia przypada 12 rocznica \u015bwi\u0119ce\u0144 biskupich J. E. Ks. Bpa Piotra Sawczuka, Biskupa Drohiczy\u0144skiego. W modlitwie pole\u0107my Go Bogu.<\/li>\n\n\n\n<li>Zach\u0119camy do nabywania i czytania Tygodnika Niedziela, kt\u00f3ry zawiera dodatek w postaci czyta\u0144 liturgicznych na miesi\u0105c kwiecie\u0144.<\/li>\n<\/ol>\n\n\n\n<p><\/p>\n","protected":false},"excerpt":{"rendered":"","protected":false},"author":1,"featured_media":392,"comment_status":"closed","ping_status":"closed","sticky":false,"template":"","format":"standard","meta":{"footnotes":""},"categories":[1,10],"tags":[12],"class_list":["post-2365","post","type-post","status-publish","format-standard","has-post-thumbnail","hentry","category-aktualnosci","category-ogloszenia","tag-no-post-image"],"_links":{"self":[{"href":"https:\/\/parafiadrohiczyn.pl\/index.php\/wp-json\/wp\/v2\/posts\/2365","targetHints":{"allow":["GET"]}}],"collection":[{"href":"https:\/\/parafiadrohiczyn.pl\/index.php\/wp-json\/wp\/v2\/posts"}],"about":[{"href":"https:\/\/parafiadrohiczyn.pl\/index.php\/wp-json\/wp\/v2\/types\/post"}],"author":[{"embeddable":true,"href":"https:\/\/parafiadrohiczyn.pl\/index.php\/wp-json\/wp\/v2\/users\/1"}],"replies":[{"embeddable":true,"href":"https:\/\/parafiadrohiczyn.pl\/index.php\/wp-json\/wp\/v2\/comments?post=2365"}],"version-history":[{"count":1,"href":"https:\/\/parafiadrohiczyn.pl\/index.php\/wp-json\/wp\/v2\/posts\/2365\/revisions"}],"predecessor-version":[{"id":2366,"href":"https:\/\/parafiadrohiczyn.pl\/index.php\/wp-json\/wp\/v2\/posts\/2365\/revisions\/2366"}],"wp:featuredmedia":[{"embeddable":true,"href":"https:\/\/parafiadrohiczyn.pl\/index.php\/wp-json\/wp\/v2\/media\/392"}],"wp:attachment":[{"href":"https:\/\/parafiadrohiczyn.pl\/index.php\/wp-json\/wp\/v2\/media?parent=2365"}],"wp:term":[{"taxonomy":"category","embeddable":true,"href":"https:\/\/parafiadrohiczyn.pl\/index.php\/wp-json\/wp\/v2\/categories?post=2365"},{"taxonomy":"post_tag","embeddable":true,"href":"https:\/\/parafiadrohiczyn.pl\/index.php\/wp-json\/wp\/v2\/tags?post=2365"}],"curies":[{"name":"wp","href":"https:\/\/api.w.org\/{rel}","templated":true}]}}