{"id":2314,"date":"2025-02-05T20:49:15","date_gmt":"2025-02-05T19:49:15","guid":{"rendered":"https:\/\/parafiadrohiczyn.pl\/?p=2314"},"modified":"2025-02-05T20:49:16","modified_gmt":"2025-02-05T19:49:16","slug":"intencje-mszalne-3-9-02-2025-r","status":"publish","type":"post","link":"https:\/\/parafiadrohiczyn.pl\/index.php\/2025\/02\/05\/intencje-mszalne-3-9-02-2025-r\/","title":{"rendered":"Intencje mszalne 3-9.02.2025 r."},"content":{"rendered":"\n<figure class=\"wp-block-table is-style-stripes\"><table><thead><tr><th class=\"has-text-align-center\" data-align=\"center\">DZIE\u0143 <\/th><th>GODZINA <\/th><th>INTENCJE <\/th><\/tr><\/thead><tbody><tr><td class=\"has-text-align-center\" data-align=\"center\"><center><strong>Poniedzia\u0142ek<\/strong> <br><strong>3 lutego<\/strong><\/center><\/td><td>godz. 7.00 <br>k. pofranciszka\u0144ski <\/td><td>1\/ za + Henryka Piszcza greg<strong>.<\/strong>\u00a0<strong>\u2013 ks. Marian<\/strong><br>2\/ za + Mariana Niewierowskiego- of. Beata Anuszkiewicz <br>z m\u0119\u017cem i c\u00f3rk\u0105<strong>\u00a0\u2013 ks. Proboszcz<\/strong><\/td><\/tr><tr><td class=\"has-text-align-center\" data-align=\"center\"><\/td><td>godz. 7.00 <br>ss. Bened. <\/td><td>&#8211;\u00a0<strong>ks. Kazimierz<\/strong><\/td><\/tr><tr><td class=\"has-text-align-center\" data-align=\"center\"><\/td><td>godz. 18.00 <br><strong>Katedra<\/strong><\/td><td>1\/ za + Alin\u0119 Daniluk u. pog.<strong>\u2013 ks. \u0141ukasz<\/strong><br>2\/ za + Alin\u0119 Parzonko greg.<strong>\u00a0\u2013 ks. Benedykt\u00a0<\/strong><\/td><\/tr><tr><td class=\"has-text-align-center\" data-align=\"center\"><center><strong>Wtorek<br>4 lutego<\/strong><\/center><\/td><td>godz. 7.00 <br>k. pofranciszka\u0144ski <\/td><td>1\/ za + Henryka Piszcza greg<strong>.<\/strong>\u00a0<strong>\u2013 ks. Marian<\/strong><br>2\/ za + Antoniego w 4 r. \u015bm., Bogumi\u0142\u0119 i Wojciecha\u00a0<br><strong>\u2013 ks. Benedykt<\/strong><\/td><\/tr><tr><td class=\"has-text-align-center\" data-align=\"center\"><\/td><td>godz. 7.00 <br>ss. Bened.<\/td><td><strong>&#8211; ks. Kazimierz<\/strong><\/td><\/tr><tr><td class=\"has-text-align-center\" data-align=\"center\"><\/td><td>godz. 18.00<br>k. pofranciszka\u0144ski<\/td><td>1\/ za + Czes\u0142awa Wasilewskiego w 24 r. \u015bm.<strong>\u2013 ks. Benedykt<\/strong><br>2\/ <strong>EGZEKWIE<\/strong>\u00a0za + Serafin\u0119 Lipi\u0144sk\u0105 w 2 r. \u015bm<strong>. &#8211; ks. \u0141ukasz<\/strong><br>3\/ za + Alin\u0119 Parzonko greg.<strong>\u00a0\u2013 ks. Mieczys\u0142aw<\/strong><\/td><\/tr><tr><td class=\"has-text-align-center\" data-align=\"center\"><center><strong>\u015aroda<br><strong><center><strong>5 lutego<\/strong><\/center><\/strong><\/strong><\/center><\/td><td>godz. 7.00<br>k. pofranciszka\u0144ski <\/td><td>1\/\u00a0za + Henryka Piszcza greg<strong>.<\/strong>\u00a0<strong>\u2013 ks. Marian<\/strong><br>2\/ W intencji Agaty, o Bo\u017ce b\u0142ogos\u0142awie\u0144stwo, opiek\u0119 MB i \u0142ask\u0119 <br>g\u0142\u0119bokiej wiary\u00a0<strong>\u2013 ks. \u0141ukasz\u00a0<\/strong><\/td><\/tr><tr><td class=\"has-text-align-center\" data-align=\"center\"><\/td><td>godz. 7.00 <br>ss. Bened.<\/td><td>1\/ W intencji S. Agaty, o Bo\u017ce b\u0142ogos\u0142awie\u0144stwo, opiek\u0119 MB <br>i zdrowie\u00a0<strong>&#8211; ks. Kazimierz\u00a0\u00a0<\/strong><\/td><\/tr><tr><td class=\"has-text-align-center\" data-align=\"center\"><\/td><td>godz. 18.00<br><strong>Katedra<\/strong><\/td><td>1\/ za + Mariana i Ann\u0119 Kostka\u00a0\u00a0w kolejn\u0105 rocznic\u0119 \u015bm.<strong>\u2013 ks. Proboszcz<\/strong><br>2\/ za + Mariana Niewierowskiego \u2013 of. K\u017bR p.w. MB Fatimskiej<strong>\u00a0<\/strong><br><strong>&#8211; ks. Benedykt<\/strong><br>3\/ za + Alin\u0119 Parzonko greg.<strong>\u00a0\u2013 ks. Mieczys\u0142aw<\/strong><\/td><\/tr><tr><td class=\"has-text-align-center\" data-align=\"center\"><center><strong>Czwartek<br><center><strong>6 lutego<\/strong><\/center><\/strong><\/center><\/td><td>godz. 7.00<br>k. pofranciszka\u0144ski<\/td><td>1\/ za + Henryka Piszcza greg<strong>.<\/strong>\u00a0<strong>\u2013 ks. Marian<\/strong><br>2\/ za + \u0141ucj\u0119 Tararuj 12 r. \u015bm. i za wszystkich zmar\u0142ych z rodziny <br>Tararuj\u00f3w i Kosi\u0144skich, za Magd\u0119 Patralsk\u0105 i Mariusza Ros\u0119\u00a0<br><strong>\u2013 ks. Proboszcz\u00a0<\/strong><\/td><\/tr><tr><td class=\"has-text-align-center\" data-align=\"center\"><\/td><td>godz. 7.00 <br>ss. Bened.<\/td><td>\u2013<strong>\u00a0ks. Kazimierz<\/strong><\/td><\/tr><tr><td class=\"has-text-align-center\" data-align=\"center\"><\/td><td>godz. 18.00<br><strong>Katedra<\/strong><\/td><td>1\/ Dzi\u0119kczynna za wnuki rodziny Kalinowskich, o Bo\u017ce b\u0142og. <br>dla dzieci i wnuk\u00f3w<strong>\u2013 ks. Proboszcz<\/strong><br>2\/ za + Alin\u0119 Parzonko greg.<strong>\u00a0\u2013 ks. Benedykt\u00a0<\/strong><\/td><\/tr><tr><td class=\"has-text-align-center\" data-align=\"center\"><center><strong>Pi\u0105tek<br><center><strong>7 lutego<\/strong><\/center><\/strong><\/center><\/td><td>godz. 7.00<br>k. pofranciszka\u0144ski<\/td><td>1\/ za + Henryka Piszcza greg<strong>.<\/strong>\u00a0<strong>\u2013 ks. Marian<\/strong><br>2\/ za + dusze w czy\u015b\u0107cu cierpi\u0105ce\u00a0\u00a0<strong>\u2013 ks. Proboszcz\u00a0<\/strong><\/td><\/tr><tr><td class=\"has-text-align-center\" data-align=\"center\"><\/td><td>godz. 7.00 <br>ss. Bened.<\/td><td>\u2013<strong>\u00a0ks. Kazimierz<\/strong><\/td><\/tr><tr><td class=\"has-text-align-center\" data-align=\"center\"><\/td><td>godz. 18.00<br><strong>Katedra<\/strong><\/td><td>1\/ za + Mariann\u0119, Stanis\u0142awa i Leokadi\u0119 i Tadeusza\u00a0<strong>\u2013 ks. \u0141ukasz<\/strong><br>2\/ za + Alin\u0119 Parzonko greg.<strong>\u00a0\u2013 ks. Benedykt<\/strong><\/td><\/tr><tr><td class=\"has-text-align-center\" data-align=\"center\"><center><strong>Sobota<br><center><strong>8 lutego<\/strong><\/center><\/strong><\/center><\/td><td>godz. 7.00<br>k. pofranciszka\u0144ski <\/td><td>1\/<strong>\u00a0<\/strong>za + Henryka Piszcza greg<strong>.<\/strong>\u00a0<strong>\u2013 ks. Marian<\/strong><br>2\/ za + dusze w czy\u015b\u0107cu cierpi\u0105ce\u00a0\u00a0<strong>\u2013 ks. \u0141ukasz<\/strong><\/td><\/tr><tr><td class=\"has-text-align-center\" data-align=\"center\"><\/td><td>godz. 7.00 <br>ss. Bened<\/td><td>&#8211;<strong>\u00a0Ks. Kazimierz<\/strong><\/td><\/tr><tr><td class=\"has-text-align-center\" data-align=\"center\"><\/td><td>godz. 18.00<br><strong>Katedra<\/strong><\/td><td>1\/ <strong>EGZEKWIE<\/strong>\u00a0za + Mari\u0119 Miko\u0142\u0105jczyk 30 dzie\u0144 po \u015bm. <br>&#8211;<strong>\u00a0ks. Proboszcz\u00a0<\/strong><br>2\/<strong> EGZEKWIE\u00a0<\/strong>za + Krzysztofa Klepackiego i zm. rodzic\u00f3w Mari\u0119 <br>i Mieczys\u0142awa Kosi\u0144skich<strong>\u00a0\u2013 ks. Benedykt<\/strong><br>2\/\u00a0za + Alin\u0119 Parzonko greg.<strong>\u00a0<\/strong>&#8211;\u00a0<strong>ks. Mieczys\u0142aw<\/strong><\/td><\/tr><tr><td class=\"has-text-align-center\" data-align=\"center\"><center><strong><mark style=\"background-color:rgba(0, 0, 0, 0);color:#c3031a\" class=\"has-inline-color\">Niedziela<br>9 lutego<\/mark><\/strong><\/center><\/td><td>godz. 8.00 <br>ss. Bened<\/td><td>1\/ W intencji S. Edyty, o Bo\u017ce b\u0142og. i opiek\u0119 MB\u00a0\u00a0\u2013<strong>\u00a0ks. Kazimierz\u00a0<\/strong><\/td><\/tr><tr><td class=\"has-text-align-center\" data-align=\"center\"><\/td><td>godz. 8.30<br>k. pofranciszka\u0144ski<\/td><td>1\/ za + Hieronim\u0119\u00a0<strong>\u00a0\u2013 ks. Marian<\/strong><\/td><\/tr><tr><td class=\"has-text-align-center\" data-align=\"center\"><\/td><td>godz. 10.00<br>Katedra<\/td><td>1\/ za + Apoloni\u0119 i J\u00f3zefa Olendzkich<strong>\u00a0<\/strong>i zm. z rodziny<strong>\u2013 ks. Rafa\u0142<\/strong><br>2\/ za + Eugeni\u0119 i Franciszka Kry\u0144skich \u2013\u00a0<strong>ks. Mieczys\u0142aw<\/strong><\/td><\/tr><tr><td class=\"has-text-align-center\" data-align=\"center\"><\/td><td>godz. 12.00<br>Katedra<\/td><td>1\/\u00a0za + Alin\u0119 Parzonko greg.<strong>\u00a0\u2013 ks. Proboszcz<\/strong><br>2\/ za + Jana Kalinowskiego, Helen\u0119 i Wac\u0142awa Krasowskich, <br>Halin\u0119 i Henryka Gawrysiak, ks. Stanis\u0142awa Dziur\u0119\u00a0<strong>\u00a0<\/strong><br><strong>\u2013 ks. Benedykt<\/strong><\/td><\/tr><tr><td class=\"has-text-align-center\" data-align=\"center\"><\/td><td>godz. 18.00<br>Katedra<\/td><td>1\/ za + Janin\u0119 Perka w 1 r. \u015bm.\u00a0<strong>\u00a0\u2013 ks. Benedykt<\/strong><br>2\/ za + Apoloni\u0119 i W\u0142adys\u0142awa, Ma\u0142gorzat\u0119 i Lecha, Eugeni\u0119 <br>i Czes\u0142awa\u00a0<strong>\u00a0\u2013 ks. Proboszcz<\/strong><\/td><\/tr><\/tbody><\/table><\/figure>\n","protected":false},"excerpt":{"rendered":"<p>DZIE\u0143 GODZINA INTENCJE Poniedzia\u0142ek 3 lutego godz. 7.00 k. pofranciszka\u0144ski 1\/ za + Henryka Piszcza greg.\u00a0\u2013 ks. Marian2\/ za + Mariana Niewierowskiego- of. Beata Anuszkiewicz z m\u0119\u017cem i c\u00f3rk\u0105\u00a0\u2013 ks. Proboszcz godz. 7.00 ss. Bened. &#8211;\u00a0ks. Kazimierz godz. 18.00 Katedra 1\/ za + Alin\u0119 Daniluk u. pog.\u2013 ks. \u0141ukasz2\/ za + Alin\u0119 Parzonko greg.\u00a0\u2013 ks. [&hellip;]<\/p>\n","protected":false},"author":1,"featured_media":390,"comment_status":"closed","ping_status":"closed","sticky":false,"template":"","format":"standard","meta":{"footnotes":""},"categories":[9],"tags":[12],"class_list":["post-2314","post","type-post","status-publish","format-standard","has-post-thumbnail","hentry","category-intencje","tag-no-post-image"],"_links":{"self":[{"href":"https:\/\/parafiadrohiczyn.pl\/index.php\/wp-json\/wp\/v2\/posts\/2314","targetHints":{"allow":["GET"]}}],"collection":[{"href":"https:\/\/parafiadrohiczyn.pl\/index.php\/wp-json\/wp\/v2\/posts"}],"about":[{"href":"https:\/\/parafiadrohiczyn.pl\/index.php\/wp-json\/wp\/v2\/types\/post"}],"author":[{"embeddable":true,"href":"https:\/\/parafiadrohiczyn.pl\/index.php\/wp-json\/wp\/v2\/users\/1"}],"replies":[{"embeddable":true,"href":"https:\/\/parafiadrohiczyn.pl\/index.php\/wp-json\/wp\/v2\/comments?post=2314"}],"version-history":[{"count":1,"href":"https:\/\/parafiadrohiczyn.pl\/index.php\/wp-json\/wp\/v2\/posts\/2314\/revisions"}],"predecessor-version":[{"id":2315,"href":"https:\/\/parafiadrohiczyn.pl\/index.php\/wp-json\/wp\/v2\/posts\/2314\/revisions\/2315"}],"wp:featuredmedia":[{"embeddable":true,"href":"https:\/\/parafiadrohiczyn.pl\/index.php\/wp-json\/wp\/v2\/media\/390"}],"wp:attachment":[{"href":"https:\/\/parafiadrohiczyn.pl\/index.php\/wp-json\/wp\/v2\/media?parent=2314"}],"wp:term":[{"taxonomy":"category","embeddable":true,"href":"https:\/\/parafiadrohiczyn.pl\/index.php\/wp-json\/wp\/v2\/categories?post=2314"},{"taxonomy":"post_tag","embeddable":true,"href":"https:\/\/parafiadrohiczyn.pl\/index.php\/wp-json\/wp\/v2\/tags?post=2314"}],"curies":[{"name":"wp","href":"https:\/\/api.w.org\/{rel}","templated":true}]}}