{"id":2295,"date":"2025-01-05T09:02:18","date_gmt":"2025-01-05T08:02:18","guid":{"rendered":"https:\/\/parafiadrohiczyn.pl\/?p=2295"},"modified":"2025-01-06T09:06:55","modified_gmt":"2025-01-06T08:06:55","slug":"2-niedziela-po-narodzeniu-panskim-4","status":"publish","type":"post","link":"https:\/\/parafiadrohiczyn.pl\/index.php\/2025\/01\/05\/2-niedziela-po-narodzeniu-panskim-4\/","title":{"rendered":"2 Niedziela po Narodzeniu Pa\u0144skim"},"content":{"rendered":"\n<ol class=\"wp-block-list\">\n<li>W poniedzia\u0142ek\u00a0 6.01. uroczysto\u015b\u0107 Objawienia Pa\u0144skiego, taca przeznaczona na misje. Porz\u0105dek Mszy \u015bw. tak jak w ka\u017cd\u0105 niedziel\u0119. W tym dniu \u015bwi\u0119cimy kadzid\u0142o i kred\u0119 do oznaczenia naszych dom\u00f3w. W\u00a0 zestawie z kred\u0105 i kadzid\u0142em umieszczony b\u0119dzie r\u00f3wnie\u017c w\u0119gielek, na kt\u00f3ry wysypujemy kadzid\u0142o, aby nape\u0142ni\u0142o wonno\u015bci\u0105 nasze domy. Ofiary sk\u0142adane przy okazji kredy b\u0119d\u0105 przeznaczone na remont kaplicy loreta\u0144skiej.\u00a0 Po Mszy \u015bw. o godz. 12.00\u00a0 odb\u0119dzie si\u0119 orszak Trzech Kr\u00f3li. Orszak wyruszy z katedry i b\u0119dzie mia\u0142 trzy przystanki: na schodach katedry, przy o\u0142tarzu papieskim i w amfiteatrze w parku, a nast\u0119pnie\u00a0 dotrze do O\u015brodka Kultury, gdzie M\u0119drcy\u00a0 pok\u0142oni\u0105 si\u0119 Dzieci\u0119ciu Jezus.\u00a0 Po zako\u0144czeniu pochodu otrzymamy\u00a0 ciep\u0142y pocz\u0119stunek, dzi\u0119ki \u017cyczliwo\u015bci restauracji Zamkowa. Zapraszamy wszystkich do wzi\u0119cia udzia\u0142u\u00a0 w Orszaku.<\/li>\n\n\n\n<li>Spotkanie op\u0142atkowe Ks. Biskupa z so\u0142tysami odb\u0119dzie si\u0119 w sobot\u0119 11 stycznia w Ciechanowcu. Porz\u0105dek spotkania:\u00a0 o godz. 10.00 Msza \u015bw. w ko\u015bciele p.w. Tr\u00f3jcy Przenaj\u015bwi\u0119tszej w Ciechanowcu, a nast\u0119pnie spotkanie poza koscio\u0142em, gdzie nast\u0105pi sk\u0142adanie \u017cycze\u0144 i b\u0119dzie skromny pocz\u0119stunek.<\/li>\n\n\n\n<li>W pi\u0105tek 10 stycznia przypada 302 rocznica po\u015bwi\u0119cenia naszej Katedry. Obecna katedra czyli ko\u015bci\u00f3\u0142 p.w. Tr\u00f3jcy Przenaj\u015bwi\u0119tszej zosta\u0142 konsekrowany w pierwsz\u0105 niedziel\u0119 po Trzech Kr\u00f3lach &#8211; 10 stycznia 1723 r. przez ks. Stefana Bogus\u0142awa Rupniewskiego biskupa diecezji \u0142uckiej. Nasza katedra staraniem Ks. biskupa Antoniego Dydycza w latach 2002-2005 przesz\u0142a generalny remont i zosta\u0142a rekonsekrowana 10 stycznia 2005 r.<br>Obchody rocznicowe b\u0119d\u0105 mia\u0142y przebieg nast\u0119puj\u0105cy: godz. 17.30- modlitwa r\u00f3\u017ca\u0144cowa w intencji fundator\u00f3w katedry, kt\u00f3r\u0105 poprowadz\u0105 Ko\u0142a \u017bywego R\u00f3\u017ca\u0144ca z naszej parafii, godz. 18.00 &#8211; Msza \u015bw. pod przewodnictwem J E Ks. Biskupa Piotra Sawczuka.<br>Po\u015bwi\u0119cenie ksi\u0105\u017ceczek dzieciom Pierwszokomunijnym b\u0119dzie w pi\u0105tek 10 stycznia na Mszy \u015bw. o godz. 18.00<\/li>\n\n\n\n<li>W najbli\u017csz\u0105 niedziel\u0119 12.01. przypada \u015bwi\u0119to Chrztu Pa\u0144skiego i jednocze\u015bnie zako\u0144czenie okresu Narodzenia Pa\u0144skiego. W naszej polskiej tradycji kol\u0119dy \u015bpiewamy do 2 lutego czyli do MB Gromnicznej.<\/li>\n\n\n\n<li>W najbli\u017cszym czasie swoje imieniny b\u0119dzie obchodzi\u0142a s. Ma\u0142gorzata, nasza organistka. B\u0119dziemy si\u0119 za Ni\u0105 modlili podczas mszy \u015bw. w niedziel\u0119 12 stycznia o godz. 10.00<\/li>\n\n\n\n<li>Diakonia Wyzwolenia Diecezji Drohiczy\u0144skiej zaprasza na Karnawa\u0142owy Bal bezalkoholowy, kt\u00f3ry odb\u0119dzie si\u0119 w Bielsku Podlaskim 15 lutego 2025 r. w Sali weselnej \u201eIwonka\u201d . koszt 480 z\u0142 od pary. Zapisy Teresa Ostaszewska Tel 508\u00a0147 797<\/li>\n\n\n\n<li><em><u>Porz\u0105dek kol\u0119dy<\/u><\/em> w tym tygodniu\n<ul class=\"wp-block-list\">\n<li><strong>Wtorek 7<\/strong> stycznia ; godz. 9.00 Bujaki &#8211; 2 ksi\u0119\u017cy<br><em>godz. 15<sup>00<\/sup><\/em> \u2013 bloki ul. Warszawska &#8211; 3 ksi\u0119\u017cy<\/li>\n\n\n\n<li><strong>\u015aroda\u00a0 8 stycznia <\/strong><strong>od <\/strong>godz. 9.00:\u00a0 Sady &#8211; 2 ksi\u0119\u017cy<strong>, <\/strong>od godz. 15<sup>00<\/sup> ul. Wielkiego Ksi\u0119cia Witolda z obu stron &#8211; 2 ksi\u0119\u017cy i\u00a0 ul. Monterska, a nast\u0119pnie ul. Wojska Polskiego- 1 ksi\u0105dz<\/li>\n\n\n\n<li><strong>Czwartek 9 stycznia :<\/strong> od godz. 9.00 Koczery -1 ksi\u0105dz i Kolonie Zaj\u0119cznik i Klekotowo \u2013 1 ksi\u0105dz, od godz. 15.00 Osiedle przy Ul. ks. Biskupa W\u0142adys\u0142awa J\u0119druszuka \u2013 1 ksi\u0105dz, pocz\u0105tek od ul. Kopernika i Ul. Warszawska, domy prywatne- 2 ksi\u0119\u017cy<\/li>\n\n\n\n<li><strong>Sobota 11 stycznia:<\/strong> od godz. 9.00 Zaj\u0119czniki \u2013 2 ksi\u0119\u017cy, od godz. 15.00 ul. Ho\u0142du Pruskiego \u2013 1 ksi\u0105dz,\u00a0 ul. Szmita \u2013 1 ksi\u0105dz i ul. Ratuszowa, nast\u0119pnie od. 16.00 ul. Farna i Ko\u015bcielna \u00a0\u2013 1 ksi\u0105dz<\/li>\n\n\n\n<li><strong>Poniedzia\u0142ek 13 stycznia<\/strong>: od godz. 15.00 ul. ks. Biskupa Zygmunta \u0141ozi\u0144skiego, R\u00f3\u017cyckiego, Bohater\u00f3w Wrze\u015bnia, Jana Paw\u0142a II, Romanowicza- 3 ksi\u0119\u017cy<br><br><strong>Osoby, kt\u00f3re pragn\u0105 z\u0142o\u017cy\u0107 ofiar\u0119 na\u00a0 utrzymanie parafii tzw. sk\u0142adk\u0119 parafialn\u0105\u00a0 przekazuj\u0105 podpisan\u0105 kopert\u0119 z ofiar\u0105. Mo\u017cna te\u017c z\u0142o\u017cy\u0107 sk\u0142adk\u0119 na fundusz cmentarny, z kt\u00f3rego b\u0119dziemy wyk\u0142ada\u0107 kostk\u0105 brukow\u0105 kolejne alejki cmentarne. Poniewa\u017c ceny utrzymania rosn\u0105 zwracamy si\u0119 z pro\u015bb\u0105 o sk\u0142adk\u0119 parafialn\u0105 na ko\u015bci\u00f3\u0142 w wysoko\u015bci 190 z\u0142 i sk\u0142adk\u0119 na fundusz cmentarny 80 z\u0142.<\/strong><\/li>\n<\/ul>\n<\/li>\n<\/ol>\n","protected":false},"excerpt":{"rendered":"","protected":false},"author":1,"featured_media":392,"comment_status":"closed","ping_status":"closed","sticky":false,"template":"","format":"standard","meta":{"footnotes":""},"categories":[1,10],"tags":[12],"class_list":["post-2295","post","type-post","status-publish","format-standard","has-post-thumbnail","hentry","category-aktualnosci","category-ogloszenia","tag-no-post-image"],"_links":{"self":[{"href":"https:\/\/parafiadrohiczyn.pl\/index.php\/wp-json\/wp\/v2\/posts\/2295","targetHints":{"allow":["GET"]}}],"collection":[{"href":"https:\/\/parafiadrohiczyn.pl\/index.php\/wp-json\/wp\/v2\/posts"}],"about":[{"href":"https:\/\/parafiadrohiczyn.pl\/index.php\/wp-json\/wp\/v2\/types\/post"}],"author":[{"embeddable":true,"href":"https:\/\/parafiadrohiczyn.pl\/index.php\/wp-json\/wp\/v2\/users\/1"}],"replies":[{"embeddable":true,"href":"https:\/\/parafiadrohiczyn.pl\/index.php\/wp-json\/wp\/v2\/comments?post=2295"}],"version-history":[{"count":1,"href":"https:\/\/parafiadrohiczyn.pl\/index.php\/wp-json\/wp\/v2\/posts\/2295\/revisions"}],"predecessor-version":[{"id":2296,"href":"https:\/\/parafiadrohiczyn.pl\/index.php\/wp-json\/wp\/v2\/posts\/2295\/revisions\/2296"}],"wp:featuredmedia":[{"embeddable":true,"href":"https:\/\/parafiadrohiczyn.pl\/index.php\/wp-json\/wp\/v2\/media\/392"}],"wp:attachment":[{"href":"https:\/\/parafiadrohiczyn.pl\/index.php\/wp-json\/wp\/v2\/media?parent=2295"}],"wp:term":[{"taxonomy":"category","embeddable":true,"href":"https:\/\/parafiadrohiczyn.pl\/index.php\/wp-json\/wp\/v2\/categories?post=2295"},{"taxonomy":"post_tag","embeddable":true,"href":"https:\/\/parafiadrohiczyn.pl\/index.php\/wp-json\/wp\/v2\/tags?post=2295"}],"curies":[{"name":"wp","href":"https:\/\/api.w.org\/{rel}","templated":true}]}}