{"id":2259,"date":"2024-11-24T19:37:02","date_gmt":"2024-11-24T18:37:02","guid":{"rendered":"https:\/\/parafiadrohiczyn.pl\/?p=2259"},"modified":"2024-11-24T19:37:04","modified_gmt":"2024-11-24T18:37:04","slug":"34-niedziela-zwykla-3","status":"publish","type":"post","link":"https:\/\/parafiadrohiczyn.pl\/index.php\/2024\/11\/24\/34-niedziela-zwykla-3\/","title":{"rendered":"34 Niedziela Zwyk\u0142a"},"content":{"rendered":"\n<p class=\"has-text-align-center\"><strong>UROCZYSTO\u015a\u0106 CHRYSTUSA KR\u00d3LA<\/strong><\/p>\n\n\n\n<ol class=\"wp-block-list\">\n<li>Dzisiaj prze\u017cywamy Niedziel\u0119 Chrystusa Kr\u00f3la Wszech\u015bwiata &#8211; ostatni\u0105 niedziel\u0119 roku liturgicznego. Jest to \u015bwi\u0119to patronalne\u00a0<strong>WSD<\/strong>\u00a0w Drohiczynie,\u00a0<strong>Akcji Katolickiej<\/strong>\u00a0i\u00a0<strong>KSM<\/strong>.<\/li>\n\n\n\n<li>W czwartek ks. Rafa\u0142 Pokrywi\u0144ski zaprasza na Katechez\u0119 o \u015bw. J\u00f3zefie po Mszy \u015bw. wieczornej do sali katechetycznej na plebanii<\/li>\n\n\n\n<li>Kolejny raz Caritas Diecezji Drohiczy\u0144skiej\u00a0\u00a0wraz z nasz\u0105 parafi\u0105 organizuje akcj\u0119 &#8222;Od serca&#8221;. Dzisiaj we wszystkich ko\u015bcio\u0142ach w naszej diecezji rozdawane s\u0105 papierowe torby, kt\u00f3re mo\u017cemy zabra\u0107 do swoich dom\u00f3w i zgodnie z instrukcj\u0105 wydrukowan\u0105 na torbach, wype\u0142ni\u0107 je artyku\u0142ami spo\u017cywczymi i \u015brodkami czysto\u015bci. Ten dar Od serca przyniesiemy do naszych ko\u015bcio\u0142\u00f3w w kolejn\u0105 , I niedziel\u0119 Adwentu, aby z otrzymanych produkt\u00f3w przygotowa\u0107 paczki \u015bwi\u0105teczne dla ludzi chorych, biednych, szczeg\u00f3lnie dzieci i rodzin dotkni\u0119tych ub\u00f3stwem.\u00a0<\/li>\n\n\n\n<li>W czwartek 28 listopada na Mszy sw. o godz. 18.00 b\u0119dziemy modlili si\u0119 w intencji ks. Andrzeja Dry\u017ca\u0142owskiego w przeddzie\u0144 jego imienin.\u00a0<\/li>\n\n\n\n<li>Spotkanie rodzic\u00f3w i dzieci pierwszokomunijnych w przysz\u0142\u0105 niedziel\u0119 1 grudnia po Mszy \u015bw. o godz. 12.00,\u00a0<\/li>\n\n\n\n<li>Msza \u015bw. trydencka w przysz\u0142\u0105 niedziel\u0119 o godz. 15.00 w k. pofranciszka\u0144skim.<\/li>\n\n\n\n<li>W przysz\u0142\u0105 niedziel\u0119 rozpoczynamy\u00a0<em>Adwent<\/em>, kt\u00f3ry ma nas przygotowa\u0107 do \u015bwi\u0105t\u00a0<strong>Bo\u017cego Narodzenia<\/strong>. Rekolekcje adwentowe odb\u0119d\u0105 si\u0119 w naszej parafii: 13,14 i 15 grudnia, a poprowadzi je ks. Rektor WSD Jaros\u0142aw Prze\u017adziecki<\/li>\n\n\n\n<li>B\u00f3g zap\u0142a\u0107 za dzisiejsze ofiary na tac\u0119, kt\u00f3re s\u0105\u00a0\u00a0przeznaczone na ogrzewanie ko\u015bcio\u0142a.\u00a0<\/li>\n\n\n\n<li><strong>Zbli\u017ca si\u0119 Rok Jubileuszowy 2025 od narodzenia Jezusa Chrystusa. Nasza parafia organizuje w dniach: 20-29 wrze\u015bnia 2025 r. pielgrzymk\u0119 autokarow\u0105 do W\u0142och. Program jest nast\u0119puj\u0105cy:\u00a0BRNO \u00b7 WZG\u00d3RZE KAHLENBERG \u00b7 WIEDE\u0143 \u00b7 PADWA \u00b7 ASY\u017b \u00b7 RZYM \u00b7 WATYKAN \u00b7 MONTE CASSINO \u00b7 SAN GIOVANNI ROTONDO \u00b7 MONTE SANT\u2019 ANGELO \u00b7 MANFREDONIA \u00b7 LANCIANO \u00b7 LORETO.\u00a0\u00a0Cena\u00a0\u00a04280 z\u0142 + 180 EUR. Dok\u0142adny program pielgrzymki jest umieszczony na stronie internetowej diecezji drohiczy\u0144skiej. Zapisy na pielgrzymk\u0119 u ks. proboszcza.<\/strong><\/li>\n\n\n\n<li>Przy wyj\u015bciu do nabycia jest\u00a0\u00a0Tygodnik Niedziela.\u00a0<\/li>\n<\/ol>\n","protected":false},"excerpt":{"rendered":"<p>UROCZYSTO\u015a\u0106 CHRYSTUSA KR\u00d3LA<\/p>\n","protected":false},"author":1,"featured_media":392,"comment_status":"closed","ping_status":"closed","sticky":false,"template":"","format":"standard","meta":{"footnotes":""},"categories":[1,10],"tags":[12],"class_list":["post-2259","post","type-post","status-publish","format-standard","has-post-thumbnail","hentry","category-aktualnosci","category-ogloszenia","tag-no-post-image"],"_links":{"self":[{"href":"https:\/\/parafiadrohiczyn.pl\/index.php\/wp-json\/wp\/v2\/posts\/2259","targetHints":{"allow":["GET"]}}],"collection":[{"href":"https:\/\/parafiadrohiczyn.pl\/index.php\/wp-json\/wp\/v2\/posts"}],"about":[{"href":"https:\/\/parafiadrohiczyn.pl\/index.php\/wp-json\/wp\/v2\/types\/post"}],"author":[{"embeddable":true,"href":"https:\/\/parafiadrohiczyn.pl\/index.php\/wp-json\/wp\/v2\/users\/1"}],"replies":[{"embeddable":true,"href":"https:\/\/parafiadrohiczyn.pl\/index.php\/wp-json\/wp\/v2\/comments?post=2259"}],"version-history":[{"count":1,"href":"https:\/\/parafiadrohiczyn.pl\/index.php\/wp-json\/wp\/v2\/posts\/2259\/revisions"}],"predecessor-version":[{"id":2260,"href":"https:\/\/parafiadrohiczyn.pl\/index.php\/wp-json\/wp\/v2\/posts\/2259\/revisions\/2260"}],"wp:featuredmedia":[{"embeddable":true,"href":"https:\/\/parafiadrohiczyn.pl\/index.php\/wp-json\/wp\/v2\/media\/392"}],"wp:attachment":[{"href":"https:\/\/parafiadrohiczyn.pl\/index.php\/wp-json\/wp\/v2\/media?parent=2259"}],"wp:term":[{"taxonomy":"category","embeddable":true,"href":"https:\/\/parafiadrohiczyn.pl\/index.php\/wp-json\/wp\/v2\/categories?post=2259"},{"taxonomy":"post_tag","embeddable":true,"href":"https:\/\/parafiadrohiczyn.pl\/index.php\/wp-json\/wp\/v2\/tags?post=2259"}],"curies":[{"name":"wp","href":"https:\/\/api.w.org\/{rel}","templated":true}]}}