{"id":2255,"date":"2024-11-17T17:44:35","date_gmt":"2024-11-17T16:44:35","guid":{"rendered":"https:\/\/parafiadrohiczyn.pl\/?p=2255"},"modified":"2024-11-17T17:44:37","modified_gmt":"2024-11-17T16:44:37","slug":"33-niedziela-zwykla-3","status":"publish","type":"post","link":"https:\/\/parafiadrohiczyn.pl\/index.php\/2024\/11\/17\/33-niedziela-zwykla-3\/","title":{"rendered":"33 Niedziela Zwyk\u0142a"},"content":{"rendered":"\n<ol class=\"wp-block-list\">\n<li>B\u00f3g zap\u0142a\u0107 za dzisiejsze ofiary na utrzymanie WSD. Dzi\u0119kujemy r\u00f3wnie\u017c alumnowi \u0141ukaszowi Bobikowi za obecno\u015b\u0107 w naszej parafii i wsp\u00f3ln\u0105 modlitw\u0119. Przy wyj\u015bciu z ko\u015bcio\u0142a mamy jeszcze do nabycia kalendarze wydane przez nasze Seminarium w cenie 7 z\u0142 . Nabywaj\u0105c je mo\u017cna r\u00f3wnie\u017c wspom\u00f3c naszych seminarzyst\u00f3w.<\/li>\n\n\n\n<li>W przysz\u0142\u0105 niedziel\u0119 24 listopada wypada Niedziela Chrystusa Kr\u00f3la Wszech\u015bwiata &#8211; ostatnia niedziela roku liturgicznego.\u00a0<a>\u00a0Jest to \u015bwi\u0119to patronalne\u00a0<em>WSD w Drohiczynie<\/em>,\u00a0<em>Akcji Katolickiej<\/em>\u00a0i\u00a0<em>KSM<\/em>.<\/a><\/li>\n\n\n\n<li>W pi\u0105tek 22 listopada wspominamy \u015bw. Cecyli\u0119 dziewic\u0119 i m\u0119czennic\u0119, patronk\u0119 ch\u00f3r\u00f3w ko\u015bcielnych. Dzi\u0119kujemy s. Ma\u0142gorzacie naszej organistce\u00a0\u00a0i ch\u00f3rowi\u00a0\u00a0za ich s\u0142u\u017cb\u0119\u00a0\u00a0w naszej parafii. Zapraszamy ch\u00f3rzyst\u00f3w na Cecyliad\u0119, czyli diecezjalne spotkanie muzyk\u00f3w ko\u015bcielnych, kt\u00f3re odb\u0119dzie si\u0119 w sobot\u0119 23 listopada w gmachu WSD. W programie o godz. 9.00\u00a0\u2013 warsztaty muzyczne (pie\u015bni adwentowe),\u00a0o\u00a0godz. 13.30 \u2013 obiad,\u00a0o godz.\u00a015.00 \u2013 Msza \u015bw. w katedrze pod przewodnictwem bp. Piotra Sawczuka.<\/li>\n\n\n\n<li>W pi\u0105tek 22 listopada b\u0119dziemy modlili si\u0119 za wstawiennictwem \u015bw. Andrzeja Boboli. Po Mszy \u015bw. o godz. 18.00 b\u0119dzie wystawienie relikwii, odczytanie intencji, modlitwa litani\u0105 i uca\u0142owanie relikwii.<\/li>\n\n\n\n<li><strong>Zbli\u017ca si\u0119 Rok Jubileuszowy 2025 od narodzenia Jezusa Chrystusa . Nasza diecezja organizuje w dniach: 20-29 wrze\u015bnia 2025 r. pielgrzymk\u0119 autokarow\u0105 do W\u0142och. Program jest nast\u0119puj\u0105cy:\u00a0BRNO \u00b7 WZG\u00d3RZE KAHLENBERG \u00b7 WIEDE\u0143 \u00b7 PADWA \u00b7 ASY\u017b \u00b7 RZYM \u00b7 WATYKAN \u00b7 MONTE CASSINO \u00b7 SAN GIOVANNI ROTONDO \u00b7 MONTE SANT\u2019 ANGELO \u00b7 MANFREDONIA \u00b7 LANCIANO \u00b7 LORETO.\u00a0\u00a0Cena\u00a04280 z\u0142 + 180 EUR. Zapisy u ks. proboszcza.<\/strong><\/li>\n\n\n\n<li>Podajemy informacj\u0119, \u017ce w Drohiczynie zawi\u0105za\u0142a si\u0119 grupa wsparcia dla os\u00f3b maj\u0105cych problem z alkoholem. Spotkania odbywaj\u0105 si\u0119 w budynku OSP w ka\u017cdy czwartek o godz. 18.00<\/li>\n\n\n\n<li>Ofiary na tac\u0119 w przysz\u0142\u0105 niedziel\u0119 b\u0119d\u0105 przeznaczone na ogrzewanie ko\u015bcio\u0142a. B\u00f3g zap\u0142a\u0107.<\/li>\n\n\n\n<li>Przy wyj\u015bciu do nabycia jest\u00a0\u00a0Tygodnik Niedziela.\u00a0<\/li>\n<\/ol>\n","protected":false},"excerpt":{"rendered":"","protected":false},"author":1,"featured_media":392,"comment_status":"closed","ping_status":"closed","sticky":false,"template":"","format":"standard","meta":{"footnotes":""},"categories":[1,10],"tags":[12],"class_list":["post-2255","post","type-post","status-publish","format-standard","has-post-thumbnail","hentry","category-aktualnosci","category-ogloszenia","tag-no-post-image"],"_links":{"self":[{"href":"https:\/\/parafiadrohiczyn.pl\/index.php\/wp-json\/wp\/v2\/posts\/2255","targetHints":{"allow":["GET"]}}],"collection":[{"href":"https:\/\/parafiadrohiczyn.pl\/index.php\/wp-json\/wp\/v2\/posts"}],"about":[{"href":"https:\/\/parafiadrohiczyn.pl\/index.php\/wp-json\/wp\/v2\/types\/post"}],"author":[{"embeddable":true,"href":"https:\/\/parafiadrohiczyn.pl\/index.php\/wp-json\/wp\/v2\/users\/1"}],"replies":[{"embeddable":true,"href":"https:\/\/parafiadrohiczyn.pl\/index.php\/wp-json\/wp\/v2\/comments?post=2255"}],"version-history":[{"count":1,"href":"https:\/\/parafiadrohiczyn.pl\/index.php\/wp-json\/wp\/v2\/posts\/2255\/revisions"}],"predecessor-version":[{"id":2256,"href":"https:\/\/parafiadrohiczyn.pl\/index.php\/wp-json\/wp\/v2\/posts\/2255\/revisions\/2256"}],"wp:featuredmedia":[{"embeddable":true,"href":"https:\/\/parafiadrohiczyn.pl\/index.php\/wp-json\/wp\/v2\/media\/392"}],"wp:attachment":[{"href":"https:\/\/parafiadrohiczyn.pl\/index.php\/wp-json\/wp\/v2\/media?parent=2255"}],"wp:term":[{"taxonomy":"category","embeddable":true,"href":"https:\/\/parafiadrohiczyn.pl\/index.php\/wp-json\/wp\/v2\/categories?post=2255"},{"taxonomy":"post_tag","embeddable":true,"href":"https:\/\/parafiadrohiczyn.pl\/index.php\/wp-json\/wp\/v2\/tags?post=2255"}],"curies":[{"name":"wp","href":"https:\/\/api.w.org\/{rel}","templated":true}]}}