{"id":2023,"date":"2024-01-30T21:35:03","date_gmt":"2024-01-30T20:35:03","guid":{"rendered":"https:\/\/parafiadrohiczyn.pl\/?p=2023"},"modified":"2024-01-30T22:05:02","modified_gmt":"2024-01-30T21:05:02","slug":"koncert","status":"publish","type":"post","link":"https:\/\/parafiadrohiczyn.pl\/index.php\/2024\/01\/30\/koncert\/","title":{"rendered":"Koncert kol\u0119d ch\u00f3ru z Firmy Pronar"},"content":{"rendered":"\n<p>W niedziel\u0119 28 stycznia 2024 r. o godz. 11.40, w drohiczy\u0144skiej katedrze wys\u0142uchali\u015bmy pi\u0119knego koncertu kol\u0119d w wykonaniu ch\u00f3rzyst\u00f3w, kt\u00f3rzy reprezentowali firm\u0119 Pronar. Ch\u00f3r powsta\u0142 w 2022 r. z inicjatywy pana Sergiusza Martyniuka prezesa firmy Pronar, a jego prowadzeniem zajmuje si\u0119 Pani Profesor Wioletta Mi\u0142kowska, pracuj\u0105cej na co dzie\u0144 na Uniwersytecie Muzycznym im. Fryderyka Chopina w Bia\u0142ymstoku. W wykonaniu ch\u00f3rzyst\u00f3w us\u0142yszeli\u015bmy kol\u0119dy polskie, jak r\u00f3wnie\u017c i te, kt\u00f3re wywodz\u0105 si\u0119 z tradycji wschodniej, \u015bpiewane w j\u0119zyku ukrai\u0144skim\u00a0\u00a0i bia\u0142oruskim. Dzi\u0119kujemy za pi\u0119kne wra\u017cenia religijne i artystyczne.<\/p>\n\n\n\n<p>Ks. Wies\u0142aw Niemyjski<\/p>\n\n\n<style type=\"text\/css\">\n#foogallery-gallery-2014 .fg-image { width: 201px; }\n#foogallery-gallery-2014 { --fg-gutter: 5px; }<\/style>\n\t\t\t<div class=\"foogallery foogallery-container foogallery-default foogallery-lightbox-foobox fg-center fg-default fg-ready fg-light fg-shadow-outline fg-loading-default fg-loaded-fade-in fg-caption-hover fg-hover-fade fg-hover-zoom\" id=\"foogallery-gallery-2014\" data-foogallery=\"{&quot;item&quot;:{&quot;showCaptionTitle&quot;:true,&quot;showCaptionDescription&quot;:true},&quot;lazy&quot;:true}\" style=\"--fg-title-line-clamp: 0; --fg-description-line-clamp: 0;\" >\n\t<div class=\"fg-item fg-type-image fg-idle\"><figure class=\"fg-item-inner\"><a href=\"https:\/\/parafiadrohiczyn.pl\/wp-content\/uploads\/2024\/01\/DSC_2515.jpg\" data-attachment-id=\"2015\" data-type=\"image\" class=\"fg-thumb\"><span class=\"fg-image-wrap\"><img decoding=\"async\" width=\"201\" height=\"136\" class=\"skip-lazy fg-image\" data-src-fg=\"https:\/\/parafiadrohiczyn.pl\/wp-content\/uploads\/cache\/2024\/01\/DSC_2515\/3559403170.jpg\" src=\"data:image\/svg+xml,%3Csvg%20xmlns%3D%22http%3A%2F%2Fwww.w3.org%2F2000%2Fsvg%22%20width%3D%22201%22%20height%3D%22136%22%20viewBox%3D%220%200%20201%20136%22%3E%3C%2Fsvg%3E\" loading=\"eager\"><\/span><span class=\"fg-image-overlay\"><\/span><\/a><\/figure><div class=\"fg-loader\"><\/div><\/div><div class=\"fg-item fg-type-image fg-idle\"><figure class=\"fg-item-inner\"><a href=\"https:\/\/parafiadrohiczyn.pl\/wp-content\/uploads\/2024\/01\/DSC_2516.jpg\" data-attachment-id=\"2016\" data-type=\"image\" class=\"fg-thumb\"><span class=\"fg-image-wrap\"><img decoding=\"async\" width=\"201\" height=\"136\" class=\"skip-lazy fg-image\" data-src-fg=\"https:\/\/parafiadrohiczyn.pl\/wp-content\/uploads\/cache\/2024\/01\/DSC_2516\/2754241312.jpg\" src=\"data:image\/svg+xml,%3Csvg%20xmlns%3D%22http%3A%2F%2Fwww.w3.org%2F2000%2Fsvg%22%20width%3D%22201%22%20height%3D%22136%22%20viewBox%3D%220%200%20201%20136%22%3E%3C%2Fsvg%3E\" loading=\"eager\"><\/span><span class=\"fg-image-overlay\"><\/span><\/a><\/figure><div class=\"fg-loader\"><\/div><\/div><div class=\"fg-item fg-type-image fg-idle\"><figure class=\"fg-item-inner\"><a href=\"https:\/\/parafiadrohiczyn.pl\/wp-content\/uploads\/2024\/01\/DSC_2517.jpg\" data-attachment-id=\"2017\" data-type=\"image\" class=\"fg-thumb\"><span class=\"fg-image-wrap\"><img decoding=\"async\" width=\"201\" height=\"136\" class=\"skip-lazy fg-image\" data-src-fg=\"https:\/\/parafiadrohiczyn.pl\/wp-content\/uploads\/cache\/2024\/01\/DSC_2517\/2345949278.jpg\" src=\"data:image\/svg+xml,%3Csvg%20xmlns%3D%22http%3A%2F%2Fwww.w3.org%2F2000%2Fsvg%22%20width%3D%22201%22%20height%3D%22136%22%20viewBox%3D%220%200%20201%20136%22%3E%3C%2Fsvg%3E\" loading=\"eager\"><\/span><span class=\"fg-image-overlay\"><\/span><\/a><\/figure><div class=\"fg-loader\"><\/div><\/div><div class=\"fg-item fg-type-image fg-idle\"><figure class=\"fg-item-inner\"><a href=\"https:\/\/parafiadrohiczyn.pl\/wp-content\/uploads\/2024\/01\/DSC_2518.jpg\" data-attachment-id=\"2018\" data-type=\"image\" class=\"fg-thumb\"><span class=\"fg-image-wrap\"><img decoding=\"async\" width=\"201\" height=\"136\" class=\"skip-lazy fg-image\" data-src-fg=\"https:\/\/parafiadrohiczyn.pl\/wp-content\/uploads\/cache\/2024\/01\/DSC_2518\/3769509269.jpg\" src=\"data:image\/svg+xml,%3Csvg%20xmlns%3D%22http%3A%2F%2Fwww.w3.org%2F2000%2Fsvg%22%20width%3D%22201%22%20height%3D%22136%22%20viewBox%3D%220%200%20201%20136%22%3E%3C%2Fsvg%3E\" loading=\"eager\"><\/span><span class=\"fg-image-overlay\"><\/span><\/a><\/figure><div class=\"fg-loader\"><\/div><\/div><div class=\"fg-item fg-type-image fg-idle\"><figure class=\"fg-item-inner\"><a href=\"https:\/\/parafiadrohiczyn.pl\/wp-content\/uploads\/2024\/01\/DSC_2519.jpg\" data-attachment-id=\"2019\" data-type=\"image\" class=\"fg-thumb\"><span class=\"fg-image-wrap\"><img decoding=\"async\" width=\"201\" height=\"136\" class=\"skip-lazy fg-image\" data-src-fg=\"https:\/\/parafiadrohiczyn.pl\/wp-content\/uploads\/cache\/2024\/01\/DSC_2519\/3478134507.jpg\" src=\"data:image\/svg+xml,%3Csvg%20xmlns%3D%22http%3A%2F%2Fwww.w3.org%2F2000%2Fsvg%22%20width%3D%22201%22%20height%3D%22136%22%20viewBox%3D%220%200%20201%20136%22%3E%3C%2Fsvg%3E\" loading=\"eager\"><\/span><span class=\"fg-image-overlay\"><\/span><\/a><\/figure><div class=\"fg-loader\"><\/div><\/div><div class=\"fg-item fg-type-image fg-idle\"><figure class=\"fg-item-inner\"><a href=\"https:\/\/parafiadrohiczyn.pl\/wp-content\/uploads\/2024\/01\/DSC_2522-scaled.jpg\" data-attachment-id=\"2020\" data-type=\"image\" class=\"fg-thumb\"><span class=\"fg-image-wrap\"><img decoding=\"async\" width=\"201\" height=\"136\" class=\"skip-lazy fg-image\" data-src-fg=\"https:\/\/parafiadrohiczyn.pl\/wp-content\/uploads\/cache\/2024\/01\/DSC_2522-scaled\/2457540637.jpg\" src=\"data:image\/svg+xml,%3Csvg%20xmlns%3D%22http%3A%2F%2Fwww.w3.org%2F2000%2Fsvg%22%20width%3D%22201%22%20height%3D%22136%22%20viewBox%3D%220%200%20201%20136%22%3E%3C%2Fsvg%3E\" loading=\"eager\"><\/span><span class=\"fg-image-overlay\"><\/span><\/a><\/figure><div class=\"fg-loader\"><\/div><\/div><div class=\"fg-item fg-type-image fg-idle\"><figure class=\"fg-item-inner\"><a href=\"https:\/\/parafiadrohiczyn.pl\/wp-content\/uploads\/2024\/01\/DSC_2523.jpg\" data-attachment-id=\"2021\" data-type=\"image\" class=\"fg-thumb\"><span class=\"fg-image-wrap\"><img decoding=\"async\" width=\"201\" height=\"136\" class=\"skip-lazy fg-image\" data-src-fg=\"https:\/\/parafiadrohiczyn.pl\/wp-content\/uploads\/cache\/2024\/01\/DSC_2523\/707994726.jpg\" src=\"data:image\/svg+xml,%3Csvg%20xmlns%3D%22http%3A%2F%2Fwww.w3.org%2F2000%2Fsvg%22%20width%3D%22201%22%20height%3D%22136%22%20viewBox%3D%220%200%20201%20136%22%3E%3C%2Fsvg%3E\" loading=\"eager\"><\/span><span class=\"fg-image-overlay\"><\/span><\/a><\/figure><div class=\"fg-loader\"><\/div><\/div><div class=\"fg-item fg-type-image fg-idle\"><figure class=\"fg-item-inner\"><a href=\"https:\/\/parafiadrohiczyn.pl\/wp-content\/uploads\/2024\/01\/DSC_2524.jpg\" data-attachment-id=\"2022\" data-type=\"image\" class=\"fg-thumb\"><span class=\"fg-image-wrap\"><img decoding=\"async\" width=\"201\" height=\"136\" class=\"skip-lazy fg-image\" data-src-fg=\"https:\/\/parafiadrohiczyn.pl\/wp-content\/uploads\/cache\/2024\/01\/DSC_2524\/3732629278.jpg\" src=\"data:image\/svg+xml,%3Csvg%20xmlns%3D%22http%3A%2F%2Fwww.w3.org%2F2000%2Fsvg%22%20width%3D%22201%22%20height%3D%22136%22%20viewBox%3D%220%200%20201%20136%22%3E%3C%2Fsvg%3E\" loading=\"eager\"><\/span><span class=\"fg-image-overlay\"><\/span><\/a><\/figure><div class=\"fg-loader\"><\/div><\/div><\/div>\n\n","protected":false},"excerpt":{"rendered":"<p>W niedziel\u0119 28 stycznia 2024 r. o godz. 11.40, w drohiczy\u0144skiej katedrze wys\u0142uchali\u015bmy pi\u0119knego koncertu kol\u0119d w wykonaniu ch\u00f3rzyst\u00f3w, kt\u00f3rzy reprezentowali firm\u0119 Pronar. Ch\u00f3r powsta\u0142 w 2022 r. z inicjatywy pana Sergiusza Martyniuka prezesa firmy Pronar, a jego prowadzeniem zajmuje si\u0119 Pani Profesor Wioletta Mi\u0142kowska, pracuj\u0105cej na co dzie\u0144 na Uniwersytecie Muzycznym im. Fryderyka Chopina [&hellip;]<\/p>\n","protected":false},"author":1,"featured_media":2017,"comment_status":"closed","ping_status":"closed","sticky":false,"template":"","format":"standard","meta":{"footnotes":""},"categories":[1,13],"tags":[12],"class_list":["post-2023","post","type-post","status-publish","format-standard","has-post-thumbnail","hentry","category-aktualnosci","category-wydarzenia","tag-no-post-image"],"_links":{"self":[{"href":"https:\/\/parafiadrohiczyn.pl\/index.php\/wp-json\/wp\/v2\/posts\/2023","targetHints":{"allow":["GET"]}}],"collection":[{"href":"https:\/\/parafiadrohiczyn.pl\/index.php\/wp-json\/wp\/v2\/posts"}],"about":[{"href":"https:\/\/parafiadrohiczyn.pl\/index.php\/wp-json\/wp\/v2\/types\/post"}],"author":[{"embeddable":true,"href":"https:\/\/parafiadrohiczyn.pl\/index.php\/wp-json\/wp\/v2\/users\/1"}],"replies":[{"embeddable":true,"href":"https:\/\/parafiadrohiczyn.pl\/index.php\/wp-json\/wp\/v2\/comments?post=2023"}],"version-history":[{"count":2,"href":"https:\/\/parafiadrohiczyn.pl\/index.php\/wp-json\/wp\/v2\/posts\/2023\/revisions"}],"predecessor-version":[{"id":2026,"href":"https:\/\/parafiadrohiczyn.pl\/index.php\/wp-json\/wp\/v2\/posts\/2023\/revisions\/2026"}],"wp:featuredmedia":[{"embeddable":true,"href":"https:\/\/parafiadrohiczyn.pl\/index.php\/wp-json\/wp\/v2\/media\/2017"}],"wp:attachment":[{"href":"https:\/\/parafiadrohiczyn.pl\/index.php\/wp-json\/wp\/v2\/media?parent=2023"}],"wp:term":[{"taxonomy":"category","embeddable":true,"href":"https:\/\/parafiadrohiczyn.pl\/index.php\/wp-json\/wp\/v2\/categories?post=2023"},{"taxonomy":"post_tag","embeddable":true,"href":"https:\/\/parafiadrohiczyn.pl\/index.php\/wp-json\/wp\/v2\/tags?post=2023"}],"curies":[{"name":"wp","href":"https:\/\/api.w.org\/{rel}","templated":true}]}}