{"id":2001,"date":"2024-01-30T21:16:15","date_gmt":"2024-01-30T20:16:15","guid":{"rendered":"https:\/\/parafiadrohiczyn.pl\/?p=2001"},"modified":"2024-01-30T21:16:17","modified_gmt":"2024-01-30T20:16:17","slug":"cmentarz-26-01-2024-r","status":"publish","type":"post","link":"https:\/\/parafiadrohiczyn.pl\/index.php\/2024\/01\/30\/cmentarz-26-01-2024-r\/","title":{"rendered":"Cmentarz 26.01.2024 r."},"content":{"rendered":"\n<p>Na naszym cmentarzu grzebalnym w Drohiczynie znajduj\u0105 si\u0119 nagrobki, kt\u00f3re sprawiaj\u0105 wra\u017cenie, \u017ce nikt si\u0119 nimi nie opiekuje. Na zdj\u0119ciach zamie\u015bcili\u015bmy trzy wybrane.&nbsp;<\/p>\n\n\n\n<p>Nagrobek oznaczony napisem \u015bp. Henryk Kalinowski , \u017cy\u0142 lat 87 zmar\u0142 11.10.1964 r., \u015bp. Zofia Kalinowska , \u017cy\u0142a lat 77, zmar\u0142a 1.05.1980 r. znajduje si\u0119 w cz\u0119\u015bci cmentarza na prawo od grob\u00f3w \u017co\u0142nierskich i jest pochylony na lew\u0105 stron\u0119, co grozi , w razie upadku zniszczeniem s\u0105siedniego nagrobka. Prosimy, je\u017celi jest kto\u015b z&nbsp;&nbsp;rodziny o kontakt z ks. Proboszczem.<\/p>\n\n\n\n<p>Nast\u0119pny nagrobek podpisany: \u015bp. Kazimierz Barszczewski, \u017cy\u0142 lat 47, zmar\u0142 16.10.1957 r., znajduj\u0105cy si\u0119 w alejce r\u00f3wnoleg\u0142ej do grob\u00f3w kap\u0142a\u0144skich i si\u00f3str sercanek.<\/p>\n\n\n\n<p>Nagrobek ( napisy zamazane) znajduje si\u0119 przy alejce nieopodal studni .<\/p>\n\n\n\n<p>Rodziny, kt\u00f3re s\u0105 w\u0142a\u015bcicielami tych nagrobk\u00f3w, lub si\u0119 nimi opiekuj\u0105 prosimy o kontakt z ks. Proboszczem.<\/p>\n\n\n<style type=\"text\/css\">\n#foogallery-gallery-2003 .fg-image { width: 201px; }\n#foogallery-gallery-2003 { --fg-gutter: 5px; }<\/style>\n\t\t\t<div class=\"foogallery foogallery-container foogallery-default foogallery-lightbox-foobox fg-center fg-default fg-ready fg-light fg-shadow-outline fg-loading-default fg-loaded-fade-in fg-caption-hover fg-hover-fade fg-hover-zoom\" id=\"foogallery-gallery-2003\" data-foogallery=\"{&quot;item&quot;:{&quot;showCaptionTitle&quot;:true,&quot;showCaptionDescription&quot;:true},&quot;lazy&quot;:true}\" style=\"--fg-title-line-clamp: 0; --fg-description-line-clamp: 0;\" >\n\t<div class=\"fg-item fg-type-image fg-idle\"><figure class=\"fg-item-inner\"><a href=\"https:\/\/parafiadrohiczyn.pl\/wp-content\/uploads\/2024\/01\/DSC_2511.jpg\" data-attachment-id=\"2004\" data-type=\"image\" class=\"fg-thumb\"><span class=\"fg-image-wrap\"><img decoding=\"async\" width=\"201\" height=\"136\" class=\"skip-lazy fg-image\" data-src-fg=\"https:\/\/parafiadrohiczyn.pl\/wp-content\/uploads\/cache\/2024\/01\/DSC_2511\/2808002772.jpg\" src=\"data:image\/svg+xml,%3Csvg%20xmlns%3D%22http%3A%2F%2Fwww.w3.org%2F2000%2Fsvg%22%20width%3D%22201%22%20height%3D%22136%22%20viewBox%3D%220%200%20201%20136%22%3E%3C%2Fsvg%3E\" loading=\"eager\"><\/span><span class=\"fg-image-overlay\"><\/span><\/a><\/figure><div class=\"fg-loader\"><\/div><\/div><div class=\"fg-item fg-type-image fg-idle\"><figure class=\"fg-item-inner\"><a href=\"https:\/\/parafiadrohiczyn.pl\/wp-content\/uploads\/2024\/01\/DSC_2512.jpg\" data-attachment-id=\"2005\" data-type=\"image\" class=\"fg-thumb\"><span class=\"fg-image-wrap\"><img decoding=\"async\" width=\"201\" height=\"136\" class=\"skip-lazy fg-image\" data-src-fg=\"https:\/\/parafiadrohiczyn.pl\/wp-content\/uploads\/cache\/2024\/01\/DSC_2512\/3397747927.jpg\" src=\"data:image\/svg+xml,%3Csvg%20xmlns%3D%22http%3A%2F%2Fwww.w3.org%2F2000%2Fsvg%22%20width%3D%22201%22%20height%3D%22136%22%20viewBox%3D%220%200%20201%20136%22%3E%3C%2Fsvg%3E\" loading=\"eager\"><\/span><span class=\"fg-image-overlay\"><\/span><\/a><\/figure><div class=\"fg-loader\"><\/div><\/div><div class=\"fg-item fg-type-image fg-idle\"><figure class=\"fg-item-inner\"><a href=\"https:\/\/parafiadrohiczyn.pl\/wp-content\/uploads\/2024\/01\/DSC_2513.jpg\" data-attachment-id=\"2006\" data-type=\"image\" class=\"fg-thumb\"><span class=\"fg-image-wrap\"><img decoding=\"async\" width=\"201\" height=\"136\" class=\"skip-lazy fg-image\" data-src-fg=\"https:\/\/parafiadrohiczyn.pl\/wp-content\/uploads\/cache\/2024\/01\/DSC_2513\/4171419176.jpg\" src=\"data:image\/svg+xml,%3Csvg%20xmlns%3D%22http%3A%2F%2Fwww.w3.org%2F2000%2Fsvg%22%20width%3D%22201%22%20height%3D%22136%22%20viewBox%3D%220%200%20201%20136%22%3E%3C%2Fsvg%3E\" loading=\"eager\"><\/span><span class=\"fg-image-overlay\"><\/span><\/a><\/figure><div class=\"fg-loader\"><\/div><\/div><div class=\"fg-item fg-type-image fg-idle\"><figure class=\"fg-item-inner\"><a href=\"https:\/\/parafiadrohiczyn.pl\/wp-content\/uploads\/2024\/01\/DSC_2509.jpg\" data-attachment-id=\"2007\" data-type=\"image\" class=\"fg-thumb\"><span class=\"fg-image-wrap\"><img decoding=\"async\" width=\"201\" height=\"136\" class=\"skip-lazy fg-image\" data-src-fg=\"https:\/\/parafiadrohiczyn.pl\/wp-content\/uploads\/cache\/2024\/01\/DSC_2509\/2639134019.jpg\" src=\"data:image\/svg+xml,%3Csvg%20xmlns%3D%22http%3A%2F%2Fwww.w3.org%2F2000%2Fsvg%22%20width%3D%22201%22%20height%3D%22136%22%20viewBox%3D%220%200%20201%20136%22%3E%3C%2Fsvg%3E\" loading=\"eager\"><\/span><span class=\"fg-image-overlay\"><\/span><\/a><\/figure><div class=\"fg-loader\"><\/div><\/div><div class=\"fg-item fg-type-image fg-idle\"><figure class=\"fg-item-inner\"><a href=\"https:\/\/parafiadrohiczyn.pl\/wp-content\/uploads\/2024\/01\/DSC_2510.jpg\" data-attachment-id=\"2008\" data-type=\"image\" class=\"fg-thumb\"><span class=\"fg-image-wrap\"><img decoding=\"async\" width=\"201\" height=\"136\" class=\"skip-lazy fg-image\" data-src-fg=\"https:\/\/parafiadrohiczyn.pl\/wp-content\/uploads\/cache\/2024\/01\/DSC_2510\/656645452.jpg\" src=\"data:image\/svg+xml,%3Csvg%20xmlns%3D%22http%3A%2F%2Fwww.w3.org%2F2000%2Fsvg%22%20width%3D%22201%22%20height%3D%22136%22%20viewBox%3D%220%200%20201%20136%22%3E%3C%2Fsvg%3E\" loading=\"eager\"><\/span><span class=\"fg-image-overlay\"><\/span><\/a><\/figure><div class=\"fg-loader\"><\/div><\/div><div class=\"fg-item fg-type-image fg-idle\"><figure class=\"fg-item-inner\"><a href=\"https:\/\/parafiadrohiczyn.pl\/wp-content\/uploads\/2024\/01\/DSC_2504.jpg\" data-attachment-id=\"2009\" data-type=\"image\" class=\"fg-thumb\"><span class=\"fg-image-wrap\"><img decoding=\"async\" width=\"201\" height=\"136\" class=\"skip-lazy fg-image\" data-src-fg=\"https:\/\/parafiadrohiczyn.pl\/wp-content\/uploads\/cache\/2024\/01\/DSC_2504\/1464253461.jpg\" src=\"data:image\/svg+xml,%3Csvg%20xmlns%3D%22http%3A%2F%2Fwww.w3.org%2F2000%2Fsvg%22%20width%3D%22201%22%20height%3D%22136%22%20viewBox%3D%220%200%20201%20136%22%3E%3C%2Fsvg%3E\" loading=\"eager\"><\/span><span class=\"fg-image-overlay\"><\/span><\/a><\/figure><div class=\"fg-loader\"><\/div><\/div><div class=\"fg-item fg-type-image fg-idle\"><figure class=\"fg-item-inner\"><a href=\"https:\/\/parafiadrohiczyn.pl\/wp-content\/uploads\/2024\/01\/DSC_2505.jpg\" data-attachment-id=\"2010\" data-type=\"image\" class=\"fg-thumb\"><span class=\"fg-image-wrap\"><img decoding=\"async\" width=\"201\" height=\"136\" class=\"skip-lazy fg-image\" data-src-fg=\"https:\/\/parafiadrohiczyn.pl\/wp-content\/uploads\/cache\/2024\/01\/DSC_2505\/2939483948.jpg\" src=\"data:image\/svg+xml,%3Csvg%20xmlns%3D%22http%3A%2F%2Fwww.w3.org%2F2000%2Fsvg%22%20width%3D%22201%22%20height%3D%22136%22%20viewBox%3D%220%200%20201%20136%22%3E%3C%2Fsvg%3E\" loading=\"eager\"><\/span><span class=\"fg-image-overlay\"><\/span><\/a><\/figure><div class=\"fg-loader\"><\/div><\/div><div class=\"fg-item fg-type-image fg-idle\"><figure class=\"fg-item-inner\"><a href=\"https:\/\/parafiadrohiczyn.pl\/wp-content\/uploads\/2024\/01\/DSC_2506.jpg\" data-attachment-id=\"2011\" data-type=\"image\" class=\"fg-thumb\"><span class=\"fg-image-wrap\"><img decoding=\"async\" width=\"201\" height=\"136\" class=\"skip-lazy fg-image\" data-src-fg=\"https:\/\/parafiadrohiczyn.pl\/wp-content\/uploads\/cache\/2024\/01\/DSC_2506\/3270495023.jpg\" src=\"data:image\/svg+xml,%3Csvg%20xmlns%3D%22http%3A%2F%2Fwww.w3.org%2F2000%2Fsvg%22%20width%3D%22201%22%20height%3D%22136%22%20viewBox%3D%220%200%20201%20136%22%3E%3C%2Fsvg%3E\" loading=\"eager\"><\/span><span class=\"fg-image-overlay\"><\/span><\/a><\/figure><div class=\"fg-loader\"><\/div><\/div><div class=\"fg-item fg-type-image fg-idle\"><figure class=\"fg-item-inner\"><a href=\"https:\/\/parafiadrohiczyn.pl\/wp-content\/uploads\/2024\/01\/DSC_2507.jpg\" data-attachment-id=\"2012\" data-type=\"image\" class=\"fg-thumb\"><span class=\"fg-image-wrap\"><img decoding=\"async\" width=\"201\" height=\"136\" class=\"skip-lazy fg-image\" data-src-fg=\"https:\/\/parafiadrohiczyn.pl\/wp-content\/uploads\/cache\/2024\/01\/DSC_2507\/4039672272.jpg\" src=\"data:image\/svg+xml,%3Csvg%20xmlns%3D%22http%3A%2F%2Fwww.w3.org%2F2000%2Fsvg%22%20width%3D%22201%22%20height%3D%22136%22%20viewBox%3D%220%200%20201%20136%22%3E%3C%2Fsvg%3E\" loading=\"eager\"><\/span><span class=\"fg-image-overlay\"><\/span><\/a><\/figure><div class=\"fg-loader\"><\/div><\/div><\/div>\n\n","protected":false},"excerpt":{"rendered":"<p>Na naszym cmentarzu grzebalnym w Drohiczynie znajduj\u0105 si\u0119 nagrobki, kt\u00f3re sprawiaj\u0105 wra\u017cenie, \u017ce nikt si\u0119 nimi nie opiekuje. Na zdj\u0119ciach zamie\u015bcili\u015bmy trzy wybrane.&nbsp; Nagrobek oznaczony napisem \u015bp. Henryk Kalinowski , \u017cy\u0142 lat 87 zmar\u0142 11.10.1964 r., \u015bp. Zofia Kalinowska , \u017cy\u0142a lat 77, zmar\u0142a 1.05.1980 r. znajduje si\u0119 w cz\u0119\u015bci cmentarza na prawo od grob\u00f3w [&hellip;]<\/p>\n","protected":false},"author":1,"featured_media":2006,"comment_status":"closed","ping_status":"closed","sticky":false,"template":"","format":"standard","meta":{"footnotes":""},"categories":[1,10],"tags":[12],"class_list":["post-2001","post","type-post","status-publish","format-standard","has-post-thumbnail","hentry","category-aktualnosci","category-ogloszenia","tag-no-post-image"],"_links":{"self":[{"href":"https:\/\/parafiadrohiczyn.pl\/index.php\/wp-json\/wp\/v2\/posts\/2001","targetHints":{"allow":["GET"]}}],"collection":[{"href":"https:\/\/parafiadrohiczyn.pl\/index.php\/wp-json\/wp\/v2\/posts"}],"about":[{"href":"https:\/\/parafiadrohiczyn.pl\/index.php\/wp-json\/wp\/v2\/types\/post"}],"author":[{"embeddable":true,"href":"https:\/\/parafiadrohiczyn.pl\/index.php\/wp-json\/wp\/v2\/users\/1"}],"replies":[{"embeddable":true,"href":"https:\/\/parafiadrohiczyn.pl\/index.php\/wp-json\/wp\/v2\/comments?post=2001"}],"version-history":[{"count":2,"href":"https:\/\/parafiadrohiczyn.pl\/index.php\/wp-json\/wp\/v2\/posts\/2001\/revisions"}],"predecessor-version":[{"id":2013,"href":"https:\/\/parafiadrohiczyn.pl\/index.php\/wp-json\/wp\/v2\/posts\/2001\/revisions\/2013"}],"wp:featuredmedia":[{"embeddable":true,"href":"https:\/\/parafiadrohiczyn.pl\/index.php\/wp-json\/wp\/v2\/media\/2006"}],"wp:attachment":[{"href":"https:\/\/parafiadrohiczyn.pl\/index.php\/wp-json\/wp\/v2\/media?parent=2001"}],"wp:term":[{"taxonomy":"category","embeddable":true,"href":"https:\/\/parafiadrohiczyn.pl\/index.php\/wp-json\/wp\/v2\/categories?post=2001"},{"taxonomy":"post_tag","embeddable":true,"href":"https:\/\/parafiadrohiczyn.pl\/index.php\/wp-json\/wp\/v2\/tags?post=2001"}],"curies":[{"name":"wp","href":"https:\/\/api.w.org\/{rel}","templated":true}]}}