{"id":1998,"date":"2024-01-30T20:48:50","date_gmt":"2024-01-30T19:48:50","guid":{"rendered":"https:\/\/parafiadrohiczyn.pl\/?p=1998"},"modified":"2024-01-30T20:48:51","modified_gmt":"2024-01-30T19:48:51","slug":"intencje-mszalne-29-01-4-02-2024-r","status":"publish","type":"post","link":"https:\/\/parafiadrohiczyn.pl\/index.php\/2024\/01\/30\/intencje-mszalne-29-01-4-02-2024-r\/","title":{"rendered":"Intencje mszalne 29.01-4.02.2024 r."},"content":{"rendered":"\n<figure class=\"wp-block-table is-style-stripes\"><table><thead><tr><th class=\"has-text-align-center\" data-align=\"center\">DZIE\u0143 <\/th><th>GODZINA <\/th><th>INTENCJE <\/th><\/tr><\/thead><tbody><tr><td class=\"has-text-align-center\" data-align=\"center\"><center><strong>Poniedzia\u0142ek<\/strong> <br><strong>29 stycznia <\/strong><\/center><\/td><td>godz. 7.00 <br>k. pofranciszka\u0144ski <\/td><td>1\/ za + Wac\u0142awa Ga\u0142eckiego greg.-\u00a0 <strong>ks. Marian<\/strong><br>2\/ O Bo\u017ce b\u0142ogos\u0142awie\u0144stwo w dobytku za przyczyn\u0105 \u015bw. Miko\u0142aja\u00a0 <br>\u2013 <strong>ks. Rafa\u0142<\/strong><\/td><\/tr><tr><td class=\"has-text-align-center\" data-align=\"center\"><\/td><td>godz. 7.00 <br>kaplica ss. Bened. <\/td><td>1\/ za + Kazimier\u0119 Oleksiej greg.- <strong>ks. Kazimierz<\/strong><\/td><\/tr><tr><td class=\"has-text-align-center\" data-align=\"center\"><\/td><td>godz. 18.00 <br><strong>Katedra<\/strong><\/td><td>1\/ za + Mari\u0119 J\u0105derko 30 dzie\u0144 po \u015bm.<strong>&#8211; ks. Proboszcz<\/strong><br>2\/ za + Romana Rend\u0119 i jego rodzic\u00f3w Michalin\u0119 i Miko\u0142aja <br>w kolejn\u0105 rocznic\u0119 \u015bm. \u2013 <strong>ks. Benedykt<\/strong><\/td><\/tr><tr><td class=\"has-text-align-center\" data-align=\"center\"><center><strong>Wtorek<br>30 stycznia<\/strong><\/center><\/td><td>godz. 7.00 <br>k. pofranciszka\u0144ski <\/td><td>1\/ za + Wac\u0142awa Ga\u0142eckiego greg. zako\u0144czenie- <strong>ks. Marian<\/strong><\/td><\/tr><tr><td class=\"has-text-align-center\" data-align=\"center\"><\/td><td>godz. 7.00 <br>kaplica ss. Bened.<\/td><td>1\/ za + Kazimier\u0119 Oleksiej greg. zako\u0144czenie\u00a0 &#8211; <strong>ks. Kazimierz<\/strong><\/td><\/tr><tr><td class=\"has-text-align-center\" data-align=\"center\"><\/td><td>godz. 18.00 <br>k. pofranciszka\u0144ski <\/td><td>1\/ za + Ks. Leopolda Trofimuka \u2013 of. Rodzina Turos\u00f3w &#8211; <strong>ks. Rafa\u0142<\/strong><br>2\/ za + Kazimierza 1 r. \u015bm. i Iren\u0119 Witkowskich &#8211;<strong> ks. Proboszcz<\/strong><br>3\/ za + Stanis\u0142awa Cichockiego 8 r. \u015bm<strong>. \u2013 ks. Benedykt<\/strong><\/td><\/tr><tr><td class=\"has-text-align-center\" data-align=\"center\"><center><strong>\u015aroda<br><strong><center><strong>31 stycznia<\/strong><\/center><\/strong><\/strong><\/center><\/td><td>godz. 7.00<br>k. pofranciszka\u0144ski <\/td><td>1\/W intencji ks. Roberta Figury , o Bo\u017ce b\u0142og., opiek\u0119 MB i dar <br>\u015bwi\u0119to\u015bci &#8211; <strong>ks. Marian<\/strong><\/td><\/tr><tr><td class=\"has-text-align-center\" data-align=\"center\"><\/td><td>godz. 7.00 <br>kaplica ss. Bened.<\/td><td>1\/ W intencji Piotrusia w rocznic\u0119 urodzin, o Bo\u017ce <br>b\u0142ogos\u0142awie\u0144stwo i potrzebne \u0142aski &#8211; <strong>ks. Kazimierz<\/strong><\/td><\/tr><tr><td class=\"has-text-align-center\" data-align=\"center\"><\/td><td>godz. 18.00 <br><strong>Katedra<\/strong><\/td><td>1\/ za + Ks. Leopolda Trofimuka <strong>&#8211; ks. Proboszcz\u00a0<\/strong> \u00a0 \u00a0 \u00a0 \u00a0 \u00a0 \u00a0 \u00a0 \u00a0 \u00a0 \u00a0 \u00a0 \u00a0<br>2\/ za + Antoniego Mazura \u2013 of. rodzina W\u00f3jciuk\u00f3wi Polak\u00f3w<strong> <\/strong><br><strong>\u2013 ks. Benedykt<\/strong><\/td><\/tr><tr><td class=\"has-text-align-center\" data-align=\"center\"><center><strong>Czwartek<br><center><strong>1 lutego<\/strong><\/center><\/strong><\/center><\/td><td>godz. 7.00<br>k. pofranciszka\u0144ski<\/td><td>1\/ za + Janin\u0119 Krasowsk\u0105 pocz\u0105tek gregorianki- <strong>ks. Marian<\/strong><br>2\/ za + Zofi\u0119 Solaniuk 1 r. \u015bm. \u2013 <strong>ks. Proboszcz<\/strong><\/td><\/tr><tr><td class=\"has-text-align-center\" data-align=\"center\"><\/td><td>godz. 7.00 <br>kaplica ss. Bened.<\/td><td>&#8211; <strong>ks. Kazimierz<\/strong><\/td><\/tr><tr><td class=\"has-text-align-center\" data-align=\"center\"><\/td><td>godz. 18.00 <br><strong>Katedra<\/strong><\/td><td>1\/<strong> EGZEKWIE <\/strong>za + Zofi\u0119 Solaniuk 1 r. \u015bm.- <strong>ks. Proboszcz<\/strong><br>2\/ Dz-b\u0142. w int. Malwiny w 3 urodziny, o Bo\u017ce b\u0142og. i opiek\u0119 MB <br>&#8211;<strong> ks. Rafa\u0142 \u00a0<\/strong><br>3\/ za + Halin\u0119 Sterniczuk pocz\u0105tek gregorianki <strong>\u2013 ks. Benedykt \u00a0<\/strong><\/td><\/tr><tr><td class=\"has-text-align-center\" data-align=\"center\"><center><strong>Pi\u0105tek<br><center><strong>2 lutego<\/strong><\/center><\/strong><\/center><\/td><td>godz. 7.00<br>k. pofranciszka\u0144ski<\/td><td>1\/ za + Halin\u0119 Sterniczuk greg. &#8211; <strong>ks. Marian<\/strong><\/td><\/tr><tr><td class=\"has-text-align-center\" data-align=\"center\"><\/td><td>godz. 7.00 <br>kaplica ss. Bened.<\/td><td>&#8211; <strong>ks. Kazimierz<\/strong>\u00a0<\/td><\/tr><tr><td class=\"has-text-align-center\" data-align=\"center\"><\/td><td>godz. 10.00<\/td><td>1\/ W intencji os\u00f3b \u017cycia konsekrowanego \u2013 <strong>ks. Biskup Piotr<\/strong><br>2\/ za + \u0141ucj\u0119 Tararuj 12 r. \u015bm. i zm. z rodz. Tararuj\u00f3w, Magd\u0119 <br>Patralsk\u0105, Mariusza Ros\u0119 i zm. z rodz. Kosi\u0144skich<strong> \u2013 ks. Rafa\u0142<\/strong><br>3\/ za + Iren\u0119 Witkowsk\u0105 u. pog.<strong> \u2013 ks. Benedykt<\/strong><\/td><\/tr><tr><td class=\"has-text-align-center\" data-align=\"center\"><\/td><td>godz. 18.00 <br><strong>Katedra<\/strong><\/td><td>1\/ za + Jadwig\u0119 Chlebi\u0144sk\u0105 30 dzie\u0144 po \u015bm. &#8211;<strong> ks. Proboszcz<\/strong><br>2\/ za + Edwarda Krak\u00f3wko 3 r. \u015bm. oraz zm. z r. Krak\u00f3wko: Jana, <br>Wand\u0119 , Stanis\u0142awa, Konstancj\u0119 i Feliksa &#8211; <strong>ks. Andrzej<\/strong><br>3\/ za + Janin\u0119 Krasowsk\u0105 greg. &#8211; <strong>ks. Benedykt<\/strong><\/td><\/tr><tr><td class=\"has-text-align-center\" data-align=\"center\"><center><strong>Sobota<br><center><strong>3 lutego<\/strong><\/center><\/strong><\/center><\/td><td>godz. 7.00<br>k. pofranciszka\u0144ski <\/td><td>1\/ za + Janin\u0119 Krasowsk\u0105 greg. &#8211; <strong>ks. Marian<\/strong><br>2\/ Ad mentem Ordynarii<strong> \u2013 ks. Proboszcz<\/strong><\/td><\/tr><tr><td class=\"has-text-align-center\" data-align=\"center\"><\/td><td>godz. 7.00 <br>kaplica ss. Bened<\/td><td>&#8211; <strong>ks. Kazimierz<\/strong><\/td><\/tr><tr><td class=\"has-text-align-center\" data-align=\"center\"><\/td><td>godz. 18.00 <br><strong>Katedra<\/strong><\/td><td>1\/ za + Bogdana Suskiego\u00a0 &#8211; <strong>ks. Rafa\u0142<\/strong><br>2\/ za + Halin\u0119 Sterniczuk greg. &#8211;<strong> ks. Benedykt<\/strong><\/td><\/tr><tr><td class=\"has-text-align-center\" data-align=\"center\"><center><strong><mark style=\"background-color:rgba(0, 0, 0, 0);color:#c3031a\" class=\"has-inline-color\">Niedziela<br>4 lutego<\/mark><\/strong><\/center><\/td><td>godz. 8.00 <br>Ko\u015bci\u00f3\u0142 ss. Bened<\/td><td>1\/ za + Janin\u0119 Krasowsk\u0105 greg. &#8211; <strong>ks. Kazimierz<\/strong><\/td><\/tr><tr><td class=\"has-text-align-center\" data-align=\"center\"><\/td><td>godz. 8.30<br>k. pofranciszka\u0144ski<\/td><td>1\/ za + Halin\u0119 Sterniczuk greg. \u2013<strong> ks. Marian<\/strong><br>2\/ za + Eugeniusza Borzyma u. pog. <strong>\u2013 ks. Benedykt<\/strong><\/td><\/tr><tr><td class=\"has-text-align-center\" data-align=\"center\"><\/td><td>godz. 10.00<br>Katedra<\/td><td>1\/ za + Jadwig\u0119 i J\u00f3zefa Florczuk &#8211; <strong>ks. Mieczys\u0142aw<\/strong><br>2\/ za + Mariann\u0119 i Antoniego Kurpeta , Halin\u0119 i rodzic\u00f3w z obojga stron,<br>&#8211; <strong>ks. Proboszcz<\/strong><\/td><\/tr><tr><td class=\"has-text-align-center\" data-align=\"center\"><\/td><td>godz. 12.00<br>Katedra<\/td><td>1\/ za + Wand\u0119 i Mariana Pyka\u0142o i zm. z rodziny\u00a0 <strong>&#8211; ks. Proboszcz<\/strong><\/td><\/tr><tr><td class=\"has-text-align-center\" data-align=\"center\"><\/td><td>godz. 18.00<br>Katedra<\/td><td>1\/ za + Serafin\u0119 Lipi\u0144sk\u0105 1 r. \u015bm.<strong> &#8211; ks. Proboszcz<\/strong><\/td><\/tr><\/tbody><\/table><\/figure>\n","protected":false},"excerpt":{"rendered":"<p>DZIE\u0143 GODZINA INTENCJE Poniedzia\u0142ek 29 stycznia godz. 7.00 k. pofranciszka\u0144ski 1\/ za + Wac\u0142awa Ga\u0142eckiego greg.-\u00a0 ks. Marian2\/ O Bo\u017ce b\u0142ogos\u0142awie\u0144stwo w dobytku za przyczyn\u0105 \u015bw. Miko\u0142aja\u00a0 \u2013 ks. Rafa\u0142 godz. 7.00 kaplica ss. Bened. 1\/ za + Kazimier\u0119 Oleksiej greg.- ks. Kazimierz godz. 18.00 Katedra 1\/ za + Mari\u0119 J\u0105derko 30 dzie\u0144 po \u015bm.&#8211; [&hellip;]<\/p>\n","protected":false},"author":1,"featured_media":390,"comment_status":"closed","ping_status":"closed","sticky":false,"template":"","format":"standard","meta":{"footnotes":""},"categories":[9],"tags":[12],"class_list":["post-1998","post","type-post","status-publish","format-standard","has-post-thumbnail","hentry","category-intencje","tag-no-post-image"],"_links":{"self":[{"href":"https:\/\/parafiadrohiczyn.pl\/index.php\/wp-json\/wp\/v2\/posts\/1998","targetHints":{"allow":["GET"]}}],"collection":[{"href":"https:\/\/parafiadrohiczyn.pl\/index.php\/wp-json\/wp\/v2\/posts"}],"about":[{"href":"https:\/\/parafiadrohiczyn.pl\/index.php\/wp-json\/wp\/v2\/types\/post"}],"author":[{"embeddable":true,"href":"https:\/\/parafiadrohiczyn.pl\/index.php\/wp-json\/wp\/v2\/users\/1"}],"replies":[{"embeddable":true,"href":"https:\/\/parafiadrohiczyn.pl\/index.php\/wp-json\/wp\/v2\/comments?post=1998"}],"version-history":[{"count":2,"href":"https:\/\/parafiadrohiczyn.pl\/index.php\/wp-json\/wp\/v2\/posts\/1998\/revisions"}],"predecessor-version":[{"id":2000,"href":"https:\/\/parafiadrohiczyn.pl\/index.php\/wp-json\/wp\/v2\/posts\/1998\/revisions\/2000"}],"wp:featuredmedia":[{"embeddable":true,"href":"https:\/\/parafiadrohiczyn.pl\/index.php\/wp-json\/wp\/v2\/media\/390"}],"wp:attachment":[{"href":"https:\/\/parafiadrohiczyn.pl\/index.php\/wp-json\/wp\/v2\/media?parent=1998"}],"wp:term":[{"taxonomy":"category","embeddable":true,"href":"https:\/\/parafiadrohiczyn.pl\/index.php\/wp-json\/wp\/v2\/categories?post=1998"},{"taxonomy":"post_tag","embeddable":true,"href":"https:\/\/parafiadrohiczyn.pl\/index.php\/wp-json\/wp\/v2\/tags?post=1998"}],"curies":[{"name":"wp","href":"https:\/\/api.w.org\/{rel}","templated":true}]}}