{"id":1762,"date":"2023-06-25T09:11:47","date_gmt":"2023-06-25T07:11:47","guid":{"rendered":"https:\/\/parafiadrohiczyn.pl\/?p=1762"},"modified":"2023-06-25T09:11:48","modified_gmt":"2023-06-25T07:11:48","slug":"12-niedziela-zwykla-3","status":"publish","type":"post","link":"https:\/\/parafiadrohiczyn.pl\/index.php\/2023\/06\/25\/12-niedziela-zwykla-3\/","title":{"rendered":"12 Niedziela Zwyk\u0142a"},"content":{"rendered":"\n<ol class=\"wp-block-list\">\n<li>W czwartek 29.06 obchodzimy\u00a0<strong>ur. \u015awi\u0119tych Aposto\u0142\u00f3w Piotra i Paw\u0142a<\/strong>. Jest to dzie\u0144 imienin J.E.Ks. Bpa Piotra Sawczuka, naszego pasterza. W modlitwie polecajmy Go Panu Bogu. Msze \u015bw. w ko\u015bciele pofr. \u2013 7<sup>00\u00a0\u00a0<\/sup>\u00a0i 10<sup>00<\/sup>\u00a0, w Katedrze \u2013 12<sup>00<\/sup>\u00a0\u00a0i 18.00, <strong>nie b\u0119dzie Mszy \u015bw. w kaplicach.<\/strong>\u00a0Taca na cele Stolicy Apostolskiej.<\/li>\n\n\n\n<li>W przysz\u0142\u0105 niedziel\u0119 w naszej parafii b\u0119dziemy go\u015bcili ks. Marka Siekierko , misjonarza z Kamerunu . ks. Marek wyg\u0142osi do nas S\u0142owo Bo\u017ce i podzieli si\u0119 swoim do\u015bwiadczeniem misyjnym. Po Mszach \u015bw. b\u0119dziemy mogli z\u0142o\u017cy\u0107 ofiar\u0119 na wsparcie misyjnej pracy ks. Marka\u00a0\u00a0<\/li>\n\n\n\n<li>Za tydzie\u0144 w\u00a0\u00a0pierwsz\u0105 niedziel\u0119 lipca tradycyjnie przypada rocznica koronacji cudownego obrazu\u00a0<strong>Matki Bo\u017cej w Ostro\u017canach<\/strong>.<br>Z naszej parafii o godz. 7<sup>00<\/sup>\u00a0spod ko\u015bcio\u0142a pofranciszka\u0144skiego wyruszy piesza pielgrzymka do Ostro\u017can. Serdecznie zapraszamy do udzia\u0142u we wsp\u00f3lnym pielgrzymowaniu<\/li>\n\n\n\n<li>W przysz\u0142\u0105 niedziel\u0119 na placu katedralnym od godz. 10<sup>00<\/sup>\u00a0b\u0119dziemy go\u015bcili wystaw\u0119 z Muzeum Pami\u0119ci Sybiru z Bia\u0142egostoku.\u00a0\u00a0B\u0119dzie to Instalacja zatytu\u0142owana \u201eRzeczyViste\u201d, kt\u00f3ra ma na celu zwr\u00f3cenie uwagi na losy obywateli Polski deportowanych w g\u0142\u0105b Zwi\u0105zku Sowieckiego w latach 1940-1941.\u00a0<\/li>\n\n\n\n<li>Msza \u015bw. trydencka b\u0119dzie sprawowana za tydzie\u0144 w k. pofranciszka\u0144skim o godz. 15.00<\/li>\n\n\n\n<li>Przypominamy, \u017ce w czasie wakacji w lipcu i sierpniu msza \u015bw. wieczorna w niedziele\u00a0\u00a0b\u0119dzie odprawiana o\u00a0<strong><em>godz. 19<sup>00<\/sup><\/em><\/strong>.<\/li>\n\n\n\n<li>Spotkanie Apostolatu Maryjnego we wtorek 27.06. po Mszy \u015bw. wieczornej.<\/li>\n\n\n\n<li>W tym tygodniu wypada:<br>&#8211; w czwartek\u00a0\u00a0po wieczornym nabo\u017ce\u0144stwie katecheza maryjna,<br>&#8211; I sobota miesi\u0105ca, r\u00f3\u017caniec fatimski w k. pofranciszka\u0144skim po Mszy \u015bw. o godz. 7.00;\u00a0<\/li>\n\n\n\n<li>Przy wyj\u015bciu do nabycia tyg. Katolicki Niedziela<\/li>\n<\/ol>\n","protected":false},"excerpt":{"rendered":"<p>W czwartek 29.06 obchodzimy ur. \u015awi\u0119tych Aposto\u0142\u00f3w Piotra i Paw\u0142a. Jest to dzie\u0144 imienin J.E.Ks. Bpa Piotra Sawczuka, naszego pasterza. W modlitwie polecajmy Go Panu Bogu. Msze \u015bw. w ko\u015bciele pofr. \u2013 700   i 1000 , w Katedrze \u2013 1200  i 18.00, nie b\u0119dzie Mszy \u015bw. w kaplicach. Taca na cele Stolicy Apostolskiej.<\/p>\n","protected":false},"author":1,"featured_media":392,"comment_status":"closed","ping_status":"closed","sticky":false,"template":"","format":"standard","meta":{"footnotes":""},"categories":[1,10],"tags":[12],"class_list":["post-1762","post","type-post","status-publish","format-standard","has-post-thumbnail","hentry","category-aktualnosci","category-ogloszenia","tag-no-post-image"],"_links":{"self":[{"href":"https:\/\/parafiadrohiczyn.pl\/index.php\/wp-json\/wp\/v2\/posts\/1762","targetHints":{"allow":["GET"]}}],"collection":[{"href":"https:\/\/parafiadrohiczyn.pl\/index.php\/wp-json\/wp\/v2\/posts"}],"about":[{"href":"https:\/\/parafiadrohiczyn.pl\/index.php\/wp-json\/wp\/v2\/types\/post"}],"author":[{"embeddable":true,"href":"https:\/\/parafiadrohiczyn.pl\/index.php\/wp-json\/wp\/v2\/users\/1"}],"replies":[{"embeddable":true,"href":"https:\/\/parafiadrohiczyn.pl\/index.php\/wp-json\/wp\/v2\/comments?post=1762"}],"version-history":[{"count":2,"href":"https:\/\/parafiadrohiczyn.pl\/index.php\/wp-json\/wp\/v2\/posts\/1762\/revisions"}],"predecessor-version":[{"id":1791,"href":"https:\/\/parafiadrohiczyn.pl\/index.php\/wp-json\/wp\/v2\/posts\/1762\/revisions\/1791"}],"wp:featuredmedia":[{"embeddable":true,"href":"https:\/\/parafiadrohiczyn.pl\/index.php\/wp-json\/wp\/v2\/media\/392"}],"wp:attachment":[{"href":"https:\/\/parafiadrohiczyn.pl\/index.php\/wp-json\/wp\/v2\/media?parent=1762"}],"wp:term":[{"taxonomy":"category","embeddable":true,"href":"https:\/\/parafiadrohiczyn.pl\/index.php\/wp-json\/wp\/v2\/categories?post=1762"},{"taxonomy":"post_tag","embeddable":true,"href":"https:\/\/parafiadrohiczyn.pl\/index.php\/wp-json\/wp\/v2\/tags?post=1762"}],"curies":[{"name":"wp","href":"https:\/\/api.w.org\/{rel}","templated":true}]}}