{"id":1751,"date":"2023-06-20T11:15:09","date_gmt":"2023-06-20T09:15:09","guid":{"rendered":"https:\/\/parafiadrohiczyn.pl\/?p=1751"},"modified":"2023-07-03T12:36:22","modified_gmt":"2023-07-03T10:36:22","slug":"program-polkolonii-w-parafii-drohiczyn-26-06-2-07-2023","status":"publish","type":"post","link":"https:\/\/parafiadrohiczyn.pl\/index.php\/2023\/06\/20\/program-polkolonii-w-parafii-drohiczyn-26-06-2-07-2023\/","title":{"rendered":"Program P\u00f3\u0142kolonii w Parafii Drohiczyn 26.06.-2.07.2023"},"content":{"rendered":"\n<figure class=\"wp-block-table\"><table><tbody><tr><td>26.06. Pn.<\/td><td>g. 8.45<br>g. 9.30<br>g.10.30<br>g.12.00<br>&nbsp;<br>&nbsp;<br>g.16.00<\/td><td>\u015apiew w k. pofranciszka\u0144skim<br>Msza \u015bw.&nbsp;<br>wyjazd do Siemiatycz na p\u0142ywalni\u0119<br>wyjazd do Nurca Stacji&nbsp;<br>Nadle\u015bnictwo Nurzec Stacja zwiedzanie Rezerwatu Przyrody Gr\u0105d Radziwi\u0142\u0142owski <br><strong>(zabieramy kanapki i picie)<\/strong><br>Powr\u00f3t do Drohiczyna (Plac przy katedrze)<\/td><\/tr><tr><td>27.06. Wt.<\/td><td>g. 8.45<br>g. 9.30<br>g.10.30<br>&nbsp;<br>g.16.00<\/td><td>\u015apiew w k. pofranciszka\u0144skim<br>Msza \u015bw.&nbsp;<br>wyjazd do parku linowego w W\u00f3lce Nadbu\u017cnej&nbsp;<br><strong>(pieczenie kie\u0142basek)<\/strong><br>Powr\u00f3t do Drohiczyna (Plac przy katedrze)<\/td><\/tr><tr><td>28.06. \u015ar.<\/td><td>g. 7.45<br>&nbsp;<br>g.18.00<\/td><td>wyjazd do Warszawy, zwiedzanie \u0141azienek Kr\u00f3lewskich<br>(<strong>Mc Donalds<\/strong>&nbsp;, zabra\u0107 pieni\u0105dze,&nbsp;&nbsp;kanapki i picie)<br>Powr\u00f3t do Drohiczyna (Plac przy katedrze)<\/td><\/tr><tr><td>29.06. Cz.<\/td><td>g. 9.00<br>g.10.00<br>g.11.00<br>&nbsp;<br>g.15.30<\/td><td>\u015apiew w katedrze&nbsp;<br>Msza \u015bw. w katedrze&nbsp;<br>wyjazd do Chro\u0142owic ( gospodarstwo agroturystyczne Beaty Zabokrzeckiej), <br>turniej pi\u0142ki no\u017cnej, gry i zabawy na \u015bwie\u017cym powietrzu,<strong> (posi\u0142ek na miejscu)<\/strong><br>Powr\u00f3t do Drohiczyna (Plac przy katedrze)<\/td><\/tr><tr><td>30.06. Pt.<\/td><td>g.8.45<br>g.9.30<br>g.10.30<br>g.12.30<\/td><td>\u015apiew w k. pofranciszka\u0144skim<br>Msza \u015bw.&nbsp;<br>wyjazd do Siemiatycze&nbsp;&nbsp;na p\u0142ywalni\u0119<br>gra terenowa&nbsp;&nbsp;w Drohiczynie&nbsp;<br><strong>(zabieramy kanapki i picie)<\/strong><\/td><\/tr><tr><td>2.07. Ndz.<\/td><td>g.19.00<br>g.20.00<\/td><td>Msza \u015bw. w katedrze<br>pogodny wiecz\u00f3r, konkursy i zabawy&nbsp;&nbsp;na podw\u00f3rku parafialnym&nbsp;&nbsp;&nbsp;&nbsp;&nbsp;&nbsp;&nbsp;&nbsp;&nbsp;&nbsp;<\/td><\/tr><\/tbody><\/table><\/figure>\n","protected":false},"excerpt":{"rendered":"<p>&nbsp;<\/p>\n","protected":false},"author":1,"featured_media":1790,"comment_status":"closed","ping_status":"closed","sticky":false,"template":"","format":"standard","meta":{"footnotes":""},"categories":[13],"tags":[12],"class_list":["post-1751","post","type-post","status-publish","format-standard","has-post-thumbnail","hentry","category-wydarzenia","tag-no-post-image"],"_links":{"self":[{"href":"https:\/\/parafiadrohiczyn.pl\/index.php\/wp-json\/wp\/v2\/posts\/1751","targetHints":{"allow":["GET"]}}],"collection":[{"href":"https:\/\/parafiadrohiczyn.pl\/index.php\/wp-json\/wp\/v2\/posts"}],"about":[{"href":"https:\/\/parafiadrohiczyn.pl\/index.php\/wp-json\/wp\/v2\/types\/post"}],"author":[{"embeddable":true,"href":"https:\/\/parafiadrohiczyn.pl\/index.php\/wp-json\/wp\/v2\/users\/1"}],"replies":[{"embeddable":true,"href":"https:\/\/parafiadrohiczyn.pl\/index.php\/wp-json\/wp\/v2\/comments?post=1751"}],"version-history":[{"count":9,"href":"https:\/\/parafiadrohiczyn.pl\/index.php\/wp-json\/wp\/v2\/posts\/1751\/revisions"}],"predecessor-version":[{"id":1761,"href":"https:\/\/parafiadrohiczyn.pl\/index.php\/wp-json\/wp\/v2\/posts\/1751\/revisions\/1761"}],"wp:featuredmedia":[{"embeddable":true,"href":"https:\/\/parafiadrohiczyn.pl\/index.php\/wp-json\/wp\/v2\/media\/1790"}],"wp:attachment":[{"href":"https:\/\/parafiadrohiczyn.pl\/index.php\/wp-json\/wp\/v2\/media?parent=1751"}],"wp:term":[{"taxonomy":"category","embeddable":true,"href":"https:\/\/parafiadrohiczyn.pl\/index.php\/wp-json\/wp\/v2\/categories?post=1751"},{"taxonomy":"post_tag","embeddable":true,"href":"https:\/\/parafiadrohiczyn.pl\/index.php\/wp-json\/wp\/v2\/tags?post=1751"}],"curies":[{"name":"wp","href":"https:\/\/api.w.org\/{rel}","templated":true}]}}