{"id":1701,"date":"2023-06-07T21:19:12","date_gmt":"2023-06-07T19:19:12","guid":{"rendered":"https:\/\/parafiadrohiczyn.pl\/?p=1701"},"modified":"2023-07-03T12:31:10","modified_gmt":"2023-07-03T10:31:10","slug":"odpust-trojcy-przenajswietszej","status":"publish","type":"post","link":"https:\/\/parafiadrohiczyn.pl\/index.php\/2023\/06\/07\/odpust-trojcy-przenajswietszej\/","title":{"rendered":"ODPUST TR\u00d3JCY PRZENAJ\u015aWI\u0118TSZEJ"},"content":{"rendered":"\n<p>W niedziel\u0119 4 czerwca 2023 r., prze\u017cywali\u015bmy g\u0142\u00f3wny odpust w naszej parafii z racji tytu\u0142u&nbsp;<strong>Katedry<\/strong>&nbsp;\u2013&nbsp;<strong>Uroczysto\u015b\u0107 Tr\u00f3jcy Przenaj\u015bwi\u0119tszej<\/strong>. Kazania odpustowe g\u0142osi\u0142 i uroczystej Mszy \u015bw. o godz. 12.00 przewodniczy\u0142 ks. kan. Miros\u0142aw \u0141aziuk, wiceoficja\u0142 S\u0105du Biskupiego w Drohiczynie.<\/p>\n\n\n\n<p>Na Mszy \u015bw. o godz. 12.00 dzieci z klasy IV, kt\u00f3re rok temu przyj\u0119\u0142y I Komuni\u0119 \u015bw. obchodzi\u0142y rocznic\u0119 tego wydarzenia, uczestnicz\u0105c w liturgii w strojach komunijnych i aktywnie bior\u0105c udzia\u0142 w Eucharystii.<\/p>\n\n\n\n<p>Po zako\u0144czeniu Mszy \u015bw. grupy parafialne z\u0142o\u017cy\u0142y ks. proboszczowi Wies\u0142awowi Niemyjskiemu \u017cyczenia imieninowe. Procesja eucharystyczna zako\u0144czy\u0142a uroczyst\u0105 sum\u0119 odpustow\u0105.<\/p>\n\n\n<style type=\"text\/css\">\n#foogallery-gallery-1703 .fg-image { width: 201px; }\n#foogallery-gallery-1703 { --fg-gutter: 5px; }<\/style>\n\t\t\t<div class=\"foogallery foogallery-container foogallery-default foogallery-lightbox-foobox fg-center fg-default fg-ready fg-light fg-shadow-outline fg-loading-default fg-loaded-fade-in fg-caption-hover fg-hover-fade fg-hover-zoom\" id=\"foogallery-gallery-1703\" data-foogallery=\"{&quot;item&quot;:{&quot;showCaptionTitle&quot;:true,&quot;showCaptionDescription&quot;:true},&quot;lazy&quot;:true}\" style=\"--fg-title-line-clamp: 0; --fg-description-line-clamp: 0;\" >\n\t<div class=\"fg-item fg-type-image fg-idle\"><figure class=\"fg-item-inner\"><a href=\"https:\/\/parafiadrohiczyn.pl\/wp-content\/uploads\/2023\/06\/DSC_09581.jpg\" data-attachment-id=\"1704\" data-type=\"image\" class=\"fg-thumb\"><span class=\"fg-image-wrap\"><img decoding=\"async\" width=\"201\" height=\"136\" class=\"skip-lazy fg-image\" data-src-fg=\"https:\/\/parafiadrohiczyn.pl\/wp-content\/uploads\/cache\/2023\/06\/DSC_09581\/62739544.jpg\" src=\"data:image\/svg+xml,%3Csvg%20xmlns%3D%22http%3A%2F%2Fwww.w3.org%2F2000%2Fsvg%22%20width%3D%22201%22%20height%3D%22136%22%20viewBox%3D%220%200%20201%20136%22%3E%3C%2Fsvg%3E\" loading=\"eager\"><\/span><span class=\"fg-image-overlay\"><\/span><\/a><\/figure><div class=\"fg-loader\"><\/div><\/div><div class=\"fg-item fg-type-image fg-idle\"><figure class=\"fg-item-inner\"><a href=\"https:\/\/parafiadrohiczyn.pl\/wp-content\/uploads\/2023\/06\/DSC_09671.jpg\" data-attachment-id=\"1705\" data-type=\"image\" class=\"fg-thumb\"><span class=\"fg-image-wrap\"><img decoding=\"async\" width=\"201\" height=\"136\" class=\"skip-lazy fg-image\" data-src-fg=\"https:\/\/parafiadrohiczyn.pl\/wp-content\/uploads\/cache\/2023\/06\/DSC_09671\/2547685065.jpg\" src=\"data:image\/svg+xml,%3Csvg%20xmlns%3D%22http%3A%2F%2Fwww.w3.org%2F2000%2Fsvg%22%20width%3D%22201%22%20height%3D%22136%22%20viewBox%3D%220%200%20201%20136%22%3E%3C%2Fsvg%3E\" loading=\"eager\"><\/span><span class=\"fg-image-overlay\"><\/span><\/a><\/figure><div class=\"fg-loader\"><\/div><\/div><div class=\"fg-item fg-type-image fg-idle\"><figure class=\"fg-item-inner\"><a href=\"https:\/\/parafiadrohiczyn.pl\/wp-content\/uploads\/2023\/06\/DSC_09281.jpg\" data-attachment-id=\"1706\" data-type=\"image\" class=\"fg-thumb\"><span class=\"fg-image-wrap\"><img decoding=\"async\" width=\"201\" height=\"136\" class=\"skip-lazy fg-image\" data-src-fg=\"https:\/\/parafiadrohiczyn.pl\/wp-content\/uploads\/cache\/2023\/06\/DSC_09281\/2076386790.jpg\" src=\"data:image\/svg+xml,%3Csvg%20xmlns%3D%22http%3A%2F%2Fwww.w3.org%2F2000%2Fsvg%22%20width%3D%22201%22%20height%3D%22136%22%20viewBox%3D%220%200%20201%20136%22%3E%3C%2Fsvg%3E\" loading=\"eager\"><\/span><span class=\"fg-image-overlay\"><\/span><\/a><\/figure><div class=\"fg-loader\"><\/div><\/div><div class=\"fg-item fg-type-image fg-idle\"><figure class=\"fg-item-inner\"><a href=\"https:\/\/parafiadrohiczyn.pl\/wp-content\/uploads\/2023\/06\/DSC_09531.jpg\" data-attachment-id=\"1707\" data-type=\"image\" class=\"fg-thumb\"><span class=\"fg-image-wrap\"><img decoding=\"async\" width=\"201\" height=\"136\" class=\"skip-lazy fg-image\" data-src-fg=\"https:\/\/parafiadrohiczyn.pl\/wp-content\/uploads\/cache\/2023\/06\/DSC_09531\/3148027393.jpg\" src=\"data:image\/svg+xml,%3Csvg%20xmlns%3D%22http%3A%2F%2Fwww.w3.org%2F2000%2Fsvg%22%20width%3D%22201%22%20height%3D%22136%22%20viewBox%3D%220%200%20201%20136%22%3E%3C%2Fsvg%3E\" loading=\"eager\"><\/span><span class=\"fg-image-overlay\"><\/span><\/a><\/figure><div class=\"fg-loader\"><\/div><\/div><div class=\"fg-item fg-type-image fg-idle\"><figure class=\"fg-item-inner\"><a href=\"https:\/\/parafiadrohiczyn.pl\/wp-content\/uploads\/2023\/06\/DSC_09181.jpg\" data-attachment-id=\"1708\" data-type=\"image\" class=\"fg-thumb\"><span class=\"fg-image-wrap\"><img decoding=\"async\" width=\"201\" height=\"136\" class=\"skip-lazy fg-image\" data-src-fg=\"https:\/\/parafiadrohiczyn.pl\/wp-content\/uploads\/cache\/2023\/06\/DSC_09181\/3816392242.jpg\" src=\"data:image\/svg+xml,%3Csvg%20xmlns%3D%22http%3A%2F%2Fwww.w3.org%2F2000%2Fsvg%22%20width%3D%22201%22%20height%3D%22136%22%20viewBox%3D%220%200%20201%20136%22%3E%3C%2Fsvg%3E\" loading=\"eager\"><\/span><span class=\"fg-image-overlay\"><\/span><\/a><\/figure><div class=\"fg-loader\"><\/div><\/div><div class=\"fg-item fg-type-image fg-idle\"><figure class=\"fg-item-inner\"><a href=\"https:\/\/parafiadrohiczyn.pl\/wp-content\/uploads\/2023\/06\/DSC_09231.jpg\" data-attachment-id=\"1709\" data-type=\"image\" class=\"fg-thumb\"><span class=\"fg-image-wrap\"><img decoding=\"async\" width=\"201\" height=\"136\" class=\"skip-lazy fg-image\" data-src-fg=\"https:\/\/parafiadrohiczyn.pl\/wp-content\/uploads\/cache\/2023\/06\/DSC_09231\/720508335.jpg\" src=\"data:image\/svg+xml,%3Csvg%20xmlns%3D%22http%3A%2F%2Fwww.w3.org%2F2000%2Fsvg%22%20width%3D%22201%22%20height%3D%22136%22%20viewBox%3D%220%200%20201%20136%22%3E%3C%2Fsvg%3E\" loading=\"eager\"><\/span><span class=\"fg-image-overlay\"><\/span><\/a><\/figure><div class=\"fg-loader\"><\/div><\/div><div class=\"fg-item fg-type-image fg-idle\"><figure class=\"fg-item-inner\"><a href=\"https:\/\/parafiadrohiczyn.pl\/wp-content\/uploads\/2023\/06\/DSC_08961.jpg\" data-attachment-id=\"1710\" data-type=\"image\" class=\"fg-thumb\"><span class=\"fg-image-wrap\"><img decoding=\"async\" width=\"201\" height=\"136\" class=\"skip-lazy fg-image\" data-src-fg=\"https:\/\/parafiadrohiczyn.pl\/wp-content\/uploads\/cache\/2023\/06\/DSC_08961\/294492887.jpg\" src=\"data:image\/svg+xml,%3Csvg%20xmlns%3D%22http%3A%2F%2Fwww.w3.org%2F2000%2Fsvg%22%20width%3D%22201%22%20height%3D%22136%22%20viewBox%3D%220%200%20201%20136%22%3E%3C%2Fsvg%3E\" loading=\"eager\"><\/span><span class=\"fg-image-overlay\"><\/span><\/a><\/figure><div class=\"fg-loader\"><\/div><\/div><div class=\"fg-item fg-type-image fg-idle\"><figure class=\"fg-item-inner\"><a href=\"https:\/\/parafiadrohiczyn.pl\/wp-content\/uploads\/2023\/06\/DSC_08971.jpg\" data-attachment-id=\"1711\" data-type=\"image\" class=\"fg-thumb\"><span class=\"fg-image-wrap\"><img decoding=\"async\" width=\"201\" height=\"136\" class=\"skip-lazy fg-image\" data-src-fg=\"https:\/\/parafiadrohiczyn.pl\/wp-content\/uploads\/cache\/2023\/06\/DSC_08971\/2787064023.jpg\" src=\"data:image\/svg+xml,%3Csvg%20xmlns%3D%22http%3A%2F%2Fwww.w3.org%2F2000%2Fsvg%22%20width%3D%22201%22%20height%3D%22136%22%20viewBox%3D%220%200%20201%20136%22%3E%3C%2Fsvg%3E\" loading=\"eager\"><\/span><span class=\"fg-image-overlay\"><\/span><\/a><\/figure><div class=\"fg-loader\"><\/div><\/div><div class=\"fg-item fg-type-image fg-idle\"><figure class=\"fg-item-inner\"><a href=\"https:\/\/parafiadrohiczyn.pl\/wp-content\/uploads\/2023\/06\/DSC_09021-1.jpg\" data-attachment-id=\"1714\" data-type=\"image\" class=\"fg-thumb\"><span class=\"fg-image-wrap\"><img decoding=\"async\" width=\"201\" height=\"136\" class=\"skip-lazy fg-image\" data-src-fg=\"https:\/\/parafiadrohiczyn.pl\/wp-content\/uploads\/cache\/2023\/06\/DSC_09021-1\/1779463800.jpg\" src=\"data:image\/svg+xml,%3Csvg%20xmlns%3D%22http%3A%2F%2Fwww.w3.org%2F2000%2Fsvg%22%20width%3D%22201%22%20height%3D%22136%22%20viewBox%3D%220%200%20201%20136%22%3E%3C%2Fsvg%3E\" loading=\"eager\"><\/span><span class=\"fg-image-overlay\"><\/span><\/a><\/figure><div class=\"fg-loader\"><\/div><\/div><\/div>\n\n","protected":false},"excerpt":{"rendered":"<p>W niedziel\u0119 4 czerwca 2023 r., prze\u017cywali\u015bmy g\u0142\u00f3wny odpust w naszej parafii z racji tytu\u0142u&nbsp;Katedry&nbsp;\u2013&nbsp;Uroczysto\u015b\u0107 Tr\u00f3jcy Przenaj\u015bwi\u0119tszej. Kazania odpustowe g\u0142osi\u0142 i uroczystej Mszy \u015bw. o godz. 12.00 przewodniczy\u0142 ks. kan. Miros\u0142aw \u0141aziuk, wiceoficja\u0142 S\u0105du Biskupiego w Drohiczynie. Na Mszy \u015bw. o godz. 12.00 dzieci z klasy IV, kt\u00f3re rok temu przyj\u0119\u0142y I Komuni\u0119 \u015bw. obchodzi\u0142y [&hellip;]<\/p>\n","protected":false},"author":1,"featured_media":1788,"comment_status":"closed","ping_status":"closed","sticky":false,"template":"","format":"standard","meta":{"footnotes":""},"categories":[13],"tags":[12],"class_list":["post-1701","post","type-post","status-publish","format-standard","has-post-thumbnail","hentry","category-wydarzenia","tag-no-post-image"],"_links":{"self":[{"href":"https:\/\/parafiadrohiczyn.pl\/index.php\/wp-json\/wp\/v2\/posts\/1701","targetHints":{"allow":["GET"]}}],"collection":[{"href":"https:\/\/parafiadrohiczyn.pl\/index.php\/wp-json\/wp\/v2\/posts"}],"about":[{"href":"https:\/\/parafiadrohiczyn.pl\/index.php\/wp-json\/wp\/v2\/types\/post"}],"author":[{"embeddable":true,"href":"https:\/\/parafiadrohiczyn.pl\/index.php\/wp-json\/wp\/v2\/users\/1"}],"replies":[{"embeddable":true,"href":"https:\/\/parafiadrohiczyn.pl\/index.php\/wp-json\/wp\/v2\/comments?post=1701"}],"version-history":[{"count":2,"href":"https:\/\/parafiadrohiczyn.pl\/index.php\/wp-json\/wp\/v2\/posts\/1701\/revisions"}],"predecessor-version":[{"id":1715,"href":"https:\/\/parafiadrohiczyn.pl\/index.php\/wp-json\/wp\/v2\/posts\/1701\/revisions\/1715"}],"wp:featuredmedia":[{"embeddable":true,"href":"https:\/\/parafiadrohiczyn.pl\/index.php\/wp-json\/wp\/v2\/media\/1788"}],"wp:attachment":[{"href":"https:\/\/parafiadrohiczyn.pl\/index.php\/wp-json\/wp\/v2\/media?parent=1701"}],"wp:term":[{"taxonomy":"category","embeddable":true,"href":"https:\/\/parafiadrohiczyn.pl\/index.php\/wp-json\/wp\/v2\/categories?post=1701"},{"taxonomy":"post_tag","embeddable":true,"href":"https:\/\/parafiadrohiczyn.pl\/index.php\/wp-json\/wp\/v2\/tags?post=1701"}],"curies":[{"name":"wp","href":"https:\/\/api.w.org\/{rel}","templated":true}]}}