{"id":1683,"date":"2023-06-04T20:08:00","date_gmt":"2023-06-04T18:08:00","guid":{"rendered":"https:\/\/parafiadrohiczyn.pl\/?p=1683"},"modified":"2023-06-05T08:11:58","modified_gmt":"2023-06-05T06:11:58","slug":"uroczystosc-trojcy-przenajswietszej-3","status":"publish","type":"post","link":"https:\/\/parafiadrohiczyn.pl\/index.php\/2023\/06\/04\/uroczystosc-trojcy-przenajswietszej-3\/","title":{"rendered":"Uroczysto\u015b\u0107 Tr\u00f3jcy Przenaj\u015bwi\u0119tszej"},"content":{"rendered":"\n<ol class=\"wp-block-list\">\n<li>Dzi\u015b prze\u017cywamy g\u0142\u00f3wny odpust w naszej parafii z racji tytu\u0142u&nbsp;<strong>Katedry<\/strong>&nbsp;\u2013&nbsp;<strong>Uroczysto\u015b\u0107 Tr\u00f3jcy Przenaj\u015bwi\u0119tszej<\/strong>. Dzi\u0119kujemy ks. kan. Miros\u0142awowi \u0141aziukowi&nbsp;&nbsp;za&nbsp;&nbsp;przyj\u0119cie zaproszenia na nasz odpust parafialny. Dzi\u015b te\u017c ko\u0144czy si\u0119 czas spowiedzi i Komunii \u015bw. wielkanocnej.<\/li>\n\n\n\n<li>Jutro 5 czerwca przypada 32 rocznica utworzenia przez Jana Paw\u0142a II Diecezji Drohiczy\u0144skiej<\/li>\n\n\n\n<li>Zapraszamy na spotkanie formacyjne III Zakonu Franciszka\u0144skiego we wtorek 6 czerwca. O godz. 17.20 modlitwa r\u00f3\u017ca\u0144cowa, o godz 18.00 Msza \u015bw. i spotkanie na plebanii<\/li>\n\n\n\n<li>W czwartek 8.06.&nbsp;&nbsp;<strong><em>Uroczysto\u015b\u0107 Naj\u015bwi\u0119tszego Cia\u0142a i Krwi Chrystusa \u2013 Bo\u017ce Cia\u0142o<\/em><\/strong>. Msze \u015bw. 8<sup>00<\/sup>&#8211; s. Benedyktynki, w ko\u015bciele pofranciszka\u0144skim o godz. 8<sup>30<\/sup>, w katedrze 10<sup>00<\/sup>&nbsp;\u2013 (procesja), i o 18<sup>00<\/sup>. Zach\u0119camy do licznego udzia\u0142u w Procesji Eucharystycznej, szczeg\u00f3lnie dzieci i m\u0142odzie\u017c.&nbsp;W tym roku trasa procesji b\u0119dzie przebiega\u0142a nast\u0119puj\u0105co: ul. Ko\u015bcieln\u0105 i ul. Ciechanowieck\u0105 do kapliczki \u015bw. Jana: I o\u0142tarz, przy kapliczce \u015bw. Jana &#8211; przygotowuje: Apostolat Maryjny i III Zakon Franciszka\u0144ski, II o\u0142tarz przy Domu Kultury &#8211; przygotowuj\u0105: pracownicy Urz\u0119du Miasta, III o\u0142tarz w parku miejskim, przy amfiteatrze &#8211; przygotowuj\u0105: rodzice dzieci pierwszokomunijnych, IV o\u0142tarz przy katedrze na o\u0142tarzu papieskim &#8211; przygotowuj\u0105: Nauczyciele i pracownicy Szko\u0142y Podstawowej.<\/li>\n\n\n\n<li>W oktawie Bo\u017cego Cia\u0142a po Mszach \u015bw.&nbsp;<em>Nieszpory Eucharystyczne<\/em>&nbsp;i procesja. W niedziel\u0119 11 czerwca procesja po mszy \u015bw. o godz. 10<sup>00<\/sup>, a&nbsp;<em>Nieszpory<\/em>&nbsp;od\u015bpiewamy o godz. 17<sup>30<\/sup>.&nbsp;&nbsp;&nbsp;<\/li>\n\n\n\n<li>W sobot\u0119 10 czerwca mija 24 rocznica Wizyty Apostolskiej Ojca \u015awi\u0119tego Jana Paw\u0142a II. Zapraszamy na Msz\u0119 \u015bw. o godz. 15.00, kt\u00f3ra b\u0119dzie sprawowana&nbsp;na placu przykatedralnym w Drohiczynie, przy replice o\u0142tarza papieskiego. Zach\u0119camy, aby nasze domy przyozdobi\u0107 flagami papieskimi.<\/li>\n\n\n\n<li>W dniach 26 czerwca &#8211; 2 lipca organizujemy dla dzieci p\u00f3\u0142kolonie parafialne. Zapisy u ks. proboszcza<\/li>\n\n\n\n<li>Spotkanie ministrant\u00f3w przed uroczysto\u015bci\u0105 Bo\u017cego Cia\u0142a w \u015brod\u0119 o godz. 17.00<\/li>\n\n\n\n<li>W przysz\u0142\u0105 niedziel\u0119 b\u0119dziemy go\u015bcili w naszej Parafii O. Andrzeja Romanowskiego, asystenta Franciszka\u0144skiego Zakonu \u015awieckich, kt\u00f3ry przybli\u017cy nam posta\u0107 b\u0142. Anieli Salawy<\/li>\n\n\n\n<li>&nbsp;B\u00f3g zap\u0142a\u0107 za dzisiejsze ofiary na tac\u0119, kt\u00f3re s\u0105 przeznaczone na pokrycie koszt\u00f3w zmiany dachu na plebanii.&nbsp;<\/li>\n\n\n\n<li>Zapowiedzi przed\u015blubne. Do stanu ma\u0142\u017ce\u0144skiego przygotowuj\u0105 si\u0119 nast\u0119puj\u0105ce osoby: Daniel Marek Wereda, kawaler z par. Mi\u0142osierdzia Bo\u017cego w Siedlcach i Wioletta Magdalena Mantur, panna z parafii tutejszej, zapowied\u017a druga. Witold To\u0142pa kawaler z parafii \u015bw. Jana Paw\u0142a II&nbsp;&nbsp;&nbsp;w diecezji Roterdam w Holandii i Agata Krasowska panna z parafii tutejszej, zapowied\u017a pierwsza. Kto by wiedzia\u0142 o przeszkodach zachodz\u0105cych pomi\u0119dzy tymi osobami, niech powiadomi kancelari\u0119 parafialn\u0105.<\/li>\n<\/ol>\n","protected":false},"excerpt":{"rendered":"<p>1.\tW czwartek 8.06.  Uroczysto\u015b\u0107 Naj\u015bwi\u0119tszego Cia\u0142a i Krwi Chrystusa \u2013 Bo\u017ce Cia\u0142o. Msze \u015bw. 800- s. Benedyktynki, w ko\u015bciele pofranciszka\u0144skim o godz. 830, w katedrze 1000 \u2013 (procesja), i o 1800. Zach\u0119camy do licznego udzia\u0142u w Procesji Eucharystycznej, szczeg\u00f3lnie dzieci i m\u0142odzie\u017c. <\/p>\n","protected":false},"author":1,"featured_media":392,"comment_status":"closed","ping_status":"closed","sticky":false,"template":"","format":"standard","meta":{"footnotes":""},"categories":[1,10],"tags":[12],"class_list":["post-1683","post","type-post","status-publish","format-standard","has-post-thumbnail","hentry","category-aktualnosci","category-ogloszenia","tag-no-post-image"],"_links":{"self":[{"href":"https:\/\/parafiadrohiczyn.pl\/index.php\/wp-json\/wp\/v2\/posts\/1683","targetHints":{"allow":["GET"]}}],"collection":[{"href":"https:\/\/parafiadrohiczyn.pl\/index.php\/wp-json\/wp\/v2\/posts"}],"about":[{"href":"https:\/\/parafiadrohiczyn.pl\/index.php\/wp-json\/wp\/v2\/types\/post"}],"author":[{"embeddable":true,"href":"https:\/\/parafiadrohiczyn.pl\/index.php\/wp-json\/wp\/v2\/users\/1"}],"replies":[{"embeddable":true,"href":"https:\/\/parafiadrohiczyn.pl\/index.php\/wp-json\/wp\/v2\/comments?post=1683"}],"version-history":[{"count":2,"href":"https:\/\/parafiadrohiczyn.pl\/index.php\/wp-json\/wp\/v2\/posts\/1683\/revisions"}],"predecessor-version":[{"id":1685,"href":"https:\/\/parafiadrohiczyn.pl\/index.php\/wp-json\/wp\/v2\/posts\/1683\/revisions\/1685"}],"wp:featuredmedia":[{"embeddable":true,"href":"https:\/\/parafiadrohiczyn.pl\/index.php\/wp-json\/wp\/v2\/media\/392"}],"wp:attachment":[{"href":"https:\/\/parafiadrohiczyn.pl\/index.php\/wp-json\/wp\/v2\/media?parent=1683"}],"wp:term":[{"taxonomy":"category","embeddable":true,"href":"https:\/\/parafiadrohiczyn.pl\/index.php\/wp-json\/wp\/v2\/categories?post=1683"},{"taxonomy":"post_tag","embeddable":true,"href":"https:\/\/parafiadrohiczyn.pl\/index.php\/wp-json\/wp\/v2\/tags?post=1683"}],"curies":[{"name":"wp","href":"https:\/\/api.w.org\/{rel}","templated":true}]}}