{"id":1671,"date":"2023-06-02T11:12:41","date_gmt":"2023-06-02T09:12:41","guid":{"rendered":"https:\/\/parafiadrohiczyn.pl\/?p=1671"},"modified":"2023-06-02T11:12:41","modified_gmt":"2023-06-02T09:12:41","slug":"pielgrzymka-do-kodnia-dzieci-komunijnych","status":"publish","type":"post","link":"https:\/\/parafiadrohiczyn.pl\/index.php\/2023\/06\/02\/pielgrzymka-do-kodnia-dzieci-komunijnych\/","title":{"rendered":"PIELGRZYMKA DO KODNIA\u00a0 DZIECI \u00a0KOMUNIJNYCH"},"content":{"rendered":"\n<p>We wtorek 30 maja 2023 r. dzieci komunijne z parafii drohiczy\u0144skiej wraz z rodzicami, s. Ann\u0105 i ks. proboszczem Wies\u0142awem Niemyjskim, uda\u0142y si\u0119 na pielgrzymk\u0119 do sanktuarium Matki Bo\u017cej Kode\u0144skiej, Kr\u00f3lowej Podlasia i Matki Jedno\u015bci w Kodniu. <\/p>\n\n\n\n<p>By\u0142 pi\u0119kny s\u0142oneczny dzie\u0144. W Kodniu dzieci w strojach komunijnych uczestniczy\u0142y we Mszy \u015bw., kt\u00f3r\u0105 poprzedzi\u0142a opowie\u015b\u0107 o. kustosza o historii obrazu Matki Bo\u017cej. Nast\u0119pnie ca\u0142a nasza grupa uda\u0142a si\u0119 z p. przewodnik na kalwari\u0119 kode\u0144sk\u0105, gdzie mogli\u015bmy si\u0119 dowiedzie\u0107 o historii rodu Sapieh\u00f3w. Zanim udali\u015bmy si\u0119 na obiad, by\u0142 jeszcze czas na obejrzenie muzeum misyjnego OO. Oblat\u00f3w i zrobienie zakup\u00f3w. Po obiedzie, w powrotnej drodze nawiedzili\u015bmy jeszcze sanktuarium M\u0119czennik\u00f3w Podlaskich w Pratulinie.<\/p>\n\n\n<style type=\"text\/css\">\n#foogallery-gallery-1673 .fg-image { width: 201px; }\n#foogallery-gallery-1673 { --fg-gutter: 5px; }<\/style>\n\t\t\t<div class=\"foogallery foogallery-container foogallery-default foogallery-lightbox-foobox fg-center fg-default fg-ready fg-light fg-shadow-outline fg-loading-default fg-loaded-fade-in fg-caption-hover fg-hover-fade fg-hover-zoom\" id=\"foogallery-gallery-1673\" data-foogallery=\"{&quot;item&quot;:{&quot;showCaptionTitle&quot;:true,&quot;showCaptionDescription&quot;:true},&quot;lazy&quot;:true}\" style=\"--fg-title-line-clamp: 0; --fg-description-line-clamp: 0;\" >\n\t<div class=\"fg-item fg-type-image fg-idle\"><figure class=\"fg-item-inner\"><a href=\"https:\/\/parafiadrohiczyn.pl\/wp-content\/uploads\/2023\/06\/DSC_0877.jpg\" data-attachment-id=\"1674\" data-type=\"image\" class=\"fg-thumb\"><span class=\"fg-image-wrap\"><img decoding=\"async\" width=\"201\" height=\"136\" class=\"skip-lazy fg-image\" data-src-fg=\"https:\/\/parafiadrohiczyn.pl\/wp-content\/uploads\/cache\/2023\/06\/DSC_0877\/2478593037.jpg\" src=\"data:image\/svg+xml,%3Csvg%20xmlns%3D%22http%3A%2F%2Fwww.w3.org%2F2000%2Fsvg%22%20width%3D%22201%22%20height%3D%22136%22%20viewBox%3D%220%200%20201%20136%22%3E%3C%2Fsvg%3E\" loading=\"eager\"><\/span><span class=\"fg-image-overlay\"><\/span><\/a><\/figure><div class=\"fg-loader\"><\/div><\/div><div class=\"fg-item fg-type-image fg-idle\"><figure class=\"fg-item-inner\"><a href=\"https:\/\/parafiadrohiczyn.pl\/wp-content\/uploads\/2023\/06\/DSC_0873.jpg\" data-attachment-id=\"1675\" data-type=\"image\" class=\"fg-thumb\"><span class=\"fg-image-wrap\"><img decoding=\"async\" width=\"201\" height=\"136\" class=\"skip-lazy fg-image\" data-src-fg=\"https:\/\/parafiadrohiczyn.pl\/wp-content\/uploads\/cache\/2023\/06\/DSC_0873\/4104282391.jpg\" src=\"data:image\/svg+xml,%3Csvg%20xmlns%3D%22http%3A%2F%2Fwww.w3.org%2F2000%2Fsvg%22%20width%3D%22201%22%20height%3D%22136%22%20viewBox%3D%220%200%20201%20136%22%3E%3C%2Fsvg%3E\" loading=\"eager\"><\/span><span class=\"fg-image-overlay\"><\/span><\/a><\/figure><div class=\"fg-loader\"><\/div><\/div><div class=\"fg-item fg-type-image fg-idle\"><figure class=\"fg-item-inner\"><a href=\"https:\/\/parafiadrohiczyn.pl\/wp-content\/uploads\/2023\/06\/DSC_0865.jpg\" data-attachment-id=\"1676\" data-type=\"image\" class=\"fg-thumb\"><span class=\"fg-image-wrap\"><img decoding=\"async\" width=\"201\" height=\"136\" class=\"skip-lazy fg-image\" data-src-fg=\"https:\/\/parafiadrohiczyn.pl\/wp-content\/uploads\/cache\/2023\/06\/DSC_0865\/3678090930.jpg\" src=\"data:image\/svg+xml,%3Csvg%20xmlns%3D%22http%3A%2F%2Fwww.w3.org%2F2000%2Fsvg%22%20width%3D%22201%22%20height%3D%22136%22%20viewBox%3D%220%200%20201%20136%22%3E%3C%2Fsvg%3E\" loading=\"eager\"><\/span><span class=\"fg-image-overlay\"><\/span><\/a><\/figure><div class=\"fg-loader\"><\/div><\/div><div class=\"fg-item fg-type-image fg-idle\"><figure class=\"fg-item-inner\"><a href=\"https:\/\/parafiadrohiczyn.pl\/wp-content\/uploads\/2023\/06\/DSC_0856.jpg\" data-attachment-id=\"1677\" data-type=\"image\" class=\"fg-thumb\"><span class=\"fg-image-wrap\"><img decoding=\"async\" width=\"201\" height=\"136\" class=\"skip-lazy fg-image\" data-src-fg=\"https:\/\/parafiadrohiczyn.pl\/wp-content\/uploads\/cache\/2023\/06\/DSC_0856\/2406299252.jpg\" src=\"data:image\/svg+xml,%3Csvg%20xmlns%3D%22http%3A%2F%2Fwww.w3.org%2F2000%2Fsvg%22%20width%3D%22201%22%20height%3D%22136%22%20viewBox%3D%220%200%20201%20136%22%3E%3C%2Fsvg%3E\" loading=\"eager\"><\/span><span class=\"fg-image-overlay\"><\/span><\/a><\/figure><div class=\"fg-loader\"><\/div><\/div><div class=\"fg-item fg-type-image fg-idle\"><figure class=\"fg-item-inner\"><a href=\"https:\/\/parafiadrohiczyn.pl\/wp-content\/uploads\/2023\/06\/DSC_0852.jpg\" data-attachment-id=\"1678\" data-type=\"image\" class=\"fg-thumb\"><span class=\"fg-image-wrap\"><img decoding=\"async\" width=\"201\" height=\"136\" class=\"skip-lazy fg-image\" data-src-fg=\"https:\/\/parafiadrohiczyn.pl\/wp-content\/uploads\/cache\/2023\/06\/DSC_0852\/3111999465.jpg\" src=\"data:image\/svg+xml,%3Csvg%20xmlns%3D%22http%3A%2F%2Fwww.w3.org%2F2000%2Fsvg%22%20width%3D%22201%22%20height%3D%22136%22%20viewBox%3D%220%200%20201%20136%22%3E%3C%2Fsvg%3E\" loading=\"eager\"><\/span><span class=\"fg-image-overlay\"><\/span><\/a><\/figure><div class=\"fg-loader\"><\/div><\/div><div class=\"fg-item fg-type-image fg-idle\"><figure class=\"fg-item-inner\"><a href=\"https:\/\/parafiadrohiczyn.pl\/wp-content\/uploads\/2023\/06\/DSC_0850.jpg\" data-attachment-id=\"1679\" data-type=\"image\" class=\"fg-thumb\"><span class=\"fg-image-wrap\"><img decoding=\"async\" width=\"201\" height=\"136\" class=\"skip-lazy fg-image\" data-src-fg=\"https:\/\/parafiadrohiczyn.pl\/wp-content\/uploads\/cache\/2023\/06\/DSC_0850\/403467124.jpg\" src=\"data:image\/svg+xml,%3Csvg%20xmlns%3D%22http%3A%2F%2Fwww.w3.org%2F2000%2Fsvg%22%20width%3D%22201%22%20height%3D%22136%22%20viewBox%3D%220%200%20201%20136%22%3E%3C%2Fsvg%3E\" loading=\"eager\"><\/span><span class=\"fg-image-overlay\"><\/span><\/a><\/figure><div class=\"fg-loader\"><\/div><\/div><div class=\"fg-item fg-type-image fg-idle\"><figure class=\"fg-item-inner\"><a href=\"https:\/\/parafiadrohiczyn.pl\/wp-content\/uploads\/2023\/06\/DSC_0844-2-scaled.jpg\" data-attachment-id=\"1680\" data-type=\"image\" class=\"fg-thumb\"><span class=\"fg-image-wrap\"><img decoding=\"async\" width=\"201\" height=\"136\" class=\"skip-lazy fg-image\" data-src-fg=\"https:\/\/parafiadrohiczyn.pl\/wp-content\/uploads\/cache\/2023\/06\/DSC_0844-2-scaled\/3331058690.jpg\" src=\"data:image\/svg+xml,%3Csvg%20xmlns%3D%22http%3A%2F%2Fwww.w3.org%2F2000%2Fsvg%22%20width%3D%22201%22%20height%3D%22136%22%20viewBox%3D%220%200%20201%20136%22%3E%3C%2Fsvg%3E\" loading=\"eager\"><\/span><span class=\"fg-image-overlay\"><\/span><\/a><\/figure><div class=\"fg-loader\"><\/div><\/div><div class=\"fg-item fg-type-image fg-idle\"><figure class=\"fg-item-inner\"><a href=\"https:\/\/parafiadrohiczyn.pl\/wp-content\/uploads\/2023\/06\/nowe-2.jpg\" data-attachment-id=\"1681\" data-type=\"image\" class=\"fg-thumb\"><span class=\"fg-image-wrap\"><img decoding=\"async\" width=\"201\" height=\"136\" class=\"skip-lazy fg-image\" data-src-fg=\"https:\/\/parafiadrohiczyn.pl\/wp-content\/uploads\/cache\/2023\/06\/nowe-2\/2956340231.jpg\" src=\"data:image\/svg+xml,%3Csvg%20xmlns%3D%22http%3A%2F%2Fwww.w3.org%2F2000%2Fsvg%22%20width%3D%22201%22%20height%3D%22136%22%20viewBox%3D%220%200%20201%20136%22%3E%3C%2Fsvg%3E\" loading=\"eager\"><\/span><span class=\"fg-image-overlay\"><\/span><\/a><\/figure><div class=\"fg-loader\"><\/div><\/div><\/div>\n\n","protected":false},"excerpt":{"rendered":"<p>We wtorek 30 maja 2023 r. dzieci komunijne z parafii drohiczy\u0144skiej wraz z rodzicami, s. Ann\u0105 i ks. proboszczem Wies\u0142awem Niemyjskim, uda\u0142y si\u0119 na pielgrzymk\u0119 do sanktuarium Matki Bo\u017cej Kode\u0144skiej, Kr\u00f3lowej Podlasia i Matki Jedno\u015bci w Kodniu. By\u0142 pi\u0119kny s\u0142oneczny dzie\u0144. W Kodniu dzieci w strojach komunijnych uczestniczy\u0142y we Mszy \u015bw., kt\u00f3r\u0105 poprzedzi\u0142a opowie\u015b\u0107 o. [&hellip;]<\/p>\n","protected":false},"author":1,"featured_media":1681,"comment_status":"closed","ping_status":"closed","sticky":false,"template":"","format":"standard","meta":{"footnotes":""},"categories":[1,13],"tags":[12],"class_list":["post-1671","post","type-post","status-publish","format-standard","has-post-thumbnail","hentry","category-aktualnosci","category-wydarzenia","tag-no-post-image"],"_links":{"self":[{"href":"https:\/\/parafiadrohiczyn.pl\/index.php\/wp-json\/wp\/v2\/posts\/1671","targetHints":{"allow":["GET"]}}],"collection":[{"href":"https:\/\/parafiadrohiczyn.pl\/index.php\/wp-json\/wp\/v2\/posts"}],"about":[{"href":"https:\/\/parafiadrohiczyn.pl\/index.php\/wp-json\/wp\/v2\/types\/post"}],"author":[{"embeddable":true,"href":"https:\/\/parafiadrohiczyn.pl\/index.php\/wp-json\/wp\/v2\/users\/1"}],"replies":[{"embeddable":true,"href":"https:\/\/parafiadrohiczyn.pl\/index.php\/wp-json\/wp\/v2\/comments?post=1671"}],"version-history":[{"count":2,"href":"https:\/\/parafiadrohiczyn.pl\/index.php\/wp-json\/wp\/v2\/posts\/1671\/revisions"}],"predecessor-version":[{"id":1682,"href":"https:\/\/parafiadrohiczyn.pl\/index.php\/wp-json\/wp\/v2\/posts\/1671\/revisions\/1682"}],"wp:featuredmedia":[{"embeddable":true,"href":"https:\/\/parafiadrohiczyn.pl\/index.php\/wp-json\/wp\/v2\/media\/1681"}],"wp:attachment":[{"href":"https:\/\/parafiadrohiczyn.pl\/index.php\/wp-json\/wp\/v2\/media?parent=1671"}],"wp:term":[{"taxonomy":"category","embeddable":true,"href":"https:\/\/parafiadrohiczyn.pl\/index.php\/wp-json\/wp\/v2\/categories?post=1671"},{"taxonomy":"post_tag","embeddable":true,"href":"https:\/\/parafiadrohiczyn.pl\/index.php\/wp-json\/wp\/v2\/tags?post=1671"}],"curies":[{"name":"wp","href":"https:\/\/api.w.org\/{rel}","templated":true}]}}