{"id":1534,"date":"2023-03-13T20:19:43","date_gmt":"2023-03-13T19:19:43","guid":{"rendered":"https:\/\/parafiadrohiczyn.pl\/?p=1534"},"modified":"2023-03-13T20:19:44","modified_gmt":"2023-03-13T19:19:44","slug":"intencje-mszalne-13-19-03-2023-r","status":"publish","type":"post","link":"https:\/\/parafiadrohiczyn.pl\/index.php\/2023\/03\/13\/intencje-mszalne-13-19-03-2023-r\/","title":{"rendered":"Intencje mszalne 13-19.03.2023 r."},"content":{"rendered":"\n<figure class=\"wp-block-table is-style-stripes\"><table><thead><tr><th class=\"has-text-align-center\" data-align=\"center\">DZIE\u0143 <\/th><th>GODZINA <\/th><th>INTENCJE <\/th><\/tr><\/thead><tbody><tr><td class=\"has-text-align-center\" data-align=\"center\"><center><strong>Poniedzia\u0142ek<\/strong> <br><strong>13 marca <\/strong><\/center><\/td><td>godz. 7.00 <br>k. pofranciszka\u0144ski <\/td><td>1\/ O \u0142ask\u0119 zdrowia, opiek\u0119 MB i \u015bw. Patrona w 5 urodziny Paw\u0142a <br><strong>&#8211; ks. Marian<\/strong><br>2\/ za + Helen\u0119 Turek 3 r. \u015bm. i za + Wac\u0142awa Turek &#8211;<strong> ks. Arkadiusz<\/strong><\/td><\/tr><tr><td class=\"has-text-align-center\" data-align=\"center\"><\/td><td>godz. 7.00 <br>ss. Bened. <\/td><td>1\/ za parafian &#8211; <strong>ks. Kazimierz<\/strong><\/td><\/tr><tr><td class=\"has-text-align-center\" data-align=\"center\"><\/td><td>godz. 18.00 <br><strong>Katedra<\/strong><\/td><td>1\/ O Bo\u017ce b\u0142og. i potrzebne \u0142aski dla S. Krystyny ze Zgromadzenia <br>Si\u00f3str S\u0142u\u017cebniczek w dniu imienin &#8211; <strong>ks. Leopold<\/strong><br>2\/ <strong>EGZEKWIE<\/strong> za + Waldemara Barszczewskiego 30 dzie\u0144-<strong> ks. Proboszcz<\/strong><\/td><\/tr><tr><td class=\"has-text-align-center\" data-align=\"center\"><center><strong>Wtorek<br>14 marca<\/strong><\/center><\/td><td>godz. 7.00 <br>k. pofranciszka\u0144ski <\/td><td>1\/ Przez Niepokalane Serce Maryi za dusze w czy\u015b\u0107cu cierpi\u0105ce <br><strong>&#8211; ks. Marian<\/strong><br>2\/ W intencji Panu Bogu wiadomej-<strong> ks. Proboszcz<\/strong><\/td><\/tr><tr><td class=\"has-text-align-center\" data-align=\"center\"><\/td><td>godz. 7.00 <br>ss. Bened.<\/td><td>\u00a0&#8211; <strong>ks. Kazimierz<\/strong> \u00a0 \u00a0<\/td><\/tr><tr><td class=\"has-text-align-center\" data-align=\"center\"><\/td><td>godz. 18.00 <br>k. pofranciszka\u0144ski <\/td><td>1\/ Dz- b\u0142 w int. Anny Marii za wstawiennictwem b\u0142. ks. Ignacego <br>K\u0142opotowskiego o potrzebne \u0142aski <strong>&#8211; ks. Proboszcz<\/strong><br>2\/ za + El\u017cbiet\u0119 Adamczuk 1 r. \u015bm. &#8211; <strong>ks. Arkadiusz<\/strong><br>3\/ za + El\u017cbiet\u0119 Redo u. pog. <strong>&#8211; ks. Benedykt<\/strong><\/td><\/tr><tr><td class=\"has-text-align-center\" data-align=\"center\"><center><strong>\u015aroda<br><strong><center><strong>15 marca<\/strong><\/center><\/strong><\/strong><\/center><\/td><td>godz. 7.00<br>k. pofranciszka\u0144ski <\/td><td>1\/ za + Antoniego, Jadwig\u0119 z r. Raty\u0144skich i Ryba\u0142towskich<strong>&#8211; ks. Marian<\/strong><br>2\/ W intencji Karola w 14 urodziny o Bo\u017ce b\u0142og. i opiek\u0119 \u015aw. Rodziny<br><strong>&#8211; ks. Proboszcz<\/strong><\/td><\/tr><tr><td class=\"has-text-align-center\" data-align=\"center\"><\/td><td>godz. 7.00 <br>ss. Bened.<\/td><td>\u00a0&#8211; <strong>ks. Kazimierz<\/strong> \u00a0 \u00a0<\/td><\/tr><tr><td class=\"has-text-align-center\" data-align=\"center\"><\/td><td>godz. 18.00 <br><strong>Katedra<\/strong><\/td><td>1\/ za + Szymona 21 r. \u015bm. , Mariusza, J\u00f3zefa i zm. z r. Witkowskich <br>i Miszczuk\u00f3w- <strong>ks. Rafa\u0142<\/strong><br>2\/ za + J\u00f3zefa Florczuka u. pog. <strong>&#8211; ks. Arkadiusz<\/strong><br>3\/ za + Danut\u0119 Stolarkiewicz u. pog.<strong> &#8211; ks. Leopold<\/strong><\/td><\/tr><tr><td class=\"has-text-align-center\" data-align=\"center\"><center><strong>Czwartek<br><center><strong>16 marca<\/strong><\/center><\/strong><\/center><\/td><td>godz. 7.00<br>k. pofranciszka\u0144ski<\/td><td>1\/ za + Juli\u0119 i Leona i rodzic\u00f3w z obojga stron <strong>&#8211; ks. Marian<\/strong><br>2\/ Dzi\u0119kczynna za otrzymane \u0142aski z pro\u015bb\u0105 o zdrowie <br>dla Krystyny <strong>&#8211; ks. Arkadiusz<\/strong><\/td><\/tr><tr><td class=\"has-text-align-center\" data-align=\"center\"><\/td><td>godz. 7.00 <br>ss. Bened.<\/td><td>\u00a0&#8211; <strong>ks. Kazimierz<\/strong> \u00a0 \u00a0<\/td><\/tr><tr><td class=\"has-text-align-center\" data-align=\"center\"><\/td><td>godz. 18.00 <br><strong>Katedra<\/strong><\/td><td>1\/ za + Jadwig\u0119 Selwaniuk- <strong>ks. Proboszcz<\/strong><br>2\/<strong> <\/strong>Ad mentem Ordinarii <strong>&#8211; ks. Benedykt<\/strong><\/td><\/tr><tr><td class=\"has-text-align-center\" data-align=\"center\"><center><strong>Pi\u0105tek<br><center><strong>17 marca<\/strong><\/center><\/strong><\/center><\/td><td>godz. 7.00<br>k. pofranciszka\u0144ski<\/td><td>1\/ Dzi\u0119kczynna za dzieci: Joann\u0119 i Rafa\u0142a i dzieci chrzestne <strong>&#8211; ks. Marian<\/strong><br>2\/ W intencji Tadeusza w dniu\u00a0 80 urodzin , o Bo\u017ce b\u0142og. i opiek\u0119 MB\u00a0<strong> <\/strong><br><strong>&#8211; ks. Proboszcz<\/strong><\/td><\/tr><tr><td class=\"has-text-align-center\" data-align=\"center\"><\/td><td>godz. 7.00 <br>ss. Bened.<\/td><td>\u00a0&#8211; <strong>ks. Kazimierz<\/strong> \u00a0 \u00a0<\/td><\/tr><tr><td class=\"has-text-align-center\" data-align=\"center\"><\/td><td>godz. 18.00 <br><strong>Katedra<\/strong><\/td><td>1\/ za + W\u0142adys\u0142awa i Zofi\u0119 Selwaniuk &#8211; <strong>ks. Arkadiusz<\/strong><br>2\/ Ad mentem Ordinarii &#8211;<strong> ks. Rafa\u0142<\/strong><br>3\/ Ad mentem Ordinarii<strong> &#8211; ks. Benedykt<\/strong><\/td><\/tr><tr><td class=\"has-text-align-center\" data-align=\"center\"><center><strong>Sobota<br><center><strong>18 marca<\/strong><\/center><\/strong><\/center><\/td><td>godz. 7.00<br>k. pofranciszka\u0144ski <\/td><td>1\/ Dz-b\u0142 w intencji Hieronima w dniu 55 urodzin, o Bo\u017ce b\u0142og. <br>i opiek\u0119 \u015aw. Rodziny<strong>&#8211; ks. Marian<\/strong><br>2\/ Ad mentem Ordinarii- <strong>ks. Proboszcz<\/strong><\/td><\/tr><tr><td class=\"has-text-align-center\" data-align=\"center\"><\/td><td>godz. 7.00 <br>ss. Bened<\/td><td>1\/ za + J\u00f3zefa Lechoszest &#8211; <strong>ks. Kazimierz\u00a0<\/strong>\u00a0 \u00a0<\/td><\/tr><tr><td class=\"has-text-align-center\" data-align=\"center\"><\/td><td>godz. 18.00 <br><strong>Katedra<\/strong><\/td><td>1\/ za + Ludwika G\u0105sowskiego 2 r. \u015bm. i zm. z rodziny-<strong> ks. Arkadiusz<\/strong><br>2\/ za + Mari\u0119 Pietrasiuk u. pog. &#8211;<strong> ks. Rafa\u0142<\/strong><br>3\/ za + J\u00f3zefa Domaracze\u0144ko &#8211;<strong> ks. Benedykt<\/strong><\/td><\/tr><tr><td class=\"has-text-align-center\" data-align=\"center\"><center><strong><mark style=\"background-color:rgba(0, 0, 0, 0);color:#c3031a\" class=\"has-inline-color\">Niedziela<br>19 marca<\/mark><\/strong><\/center><\/td><td>godz. 8.00 <br>ss. Bened<\/td><td>1\/ za + J\u00f3zefa Sica\u00a0 &#8211; <strong>ks. Mieczys\u0142aw<\/strong><br>2\/ O Bo\u017ce b\u0142og. i potrzebne \u0142aski w dniu imienin dla s. J\u00f3zefy <br>i ca\u0142ej wsp\u00f3lnoty Mniszek Benedyktynek- <strong>ks. Kazimierz<\/strong><\/td><\/tr><tr><td class=\"has-text-align-center\" data-align=\"center\"><\/td><td>godz. 8.30<br>k. pofranciszka\u0144ski<\/td><td>1\/ za + J\u00f3zefa Moczulskiego w 5 r. \u015bm. &#8211; <strong>ks. Marian<\/strong><br>2\/ za + Bogdana Gola\u0144skiego w 8 r. \u015bm.-<strong> ks. Benedykt<\/strong><br>3\/ za + J\u00f3zef\u0119 i Kazimierza Pop\u0142awskich<strong>&#8211; ks. Leopold<\/strong><\/td><\/tr><tr><td class=\"has-text-align-center\" data-align=\"center\"><\/td><td>godz. 10.00<br>Katedra<\/td><td>1\/ za + J\u00f3zef\u0119 Stolarkiewicz 2 r. \u015bm.- <strong>ks. Arkadiusz<\/strong><br>2\/ za + Helen\u0119 i Stanis\u0142awa Mas\u0142owskich &#8211;<strong> ks. Leopold<\/strong><br>3\/ za + J\u00f3zefa Kowalczyka w dniu imienin-\u00a0<strong> ks. Mieczys\u0142aw<\/strong><br>4\/ za + J\u00f3zefa i Zofi\u0119 Przekopi\u0144skich<strong> &#8211; ks.\u00a0<\/strong><\/td><\/tr><tr><td class=\"has-text-align-center\" data-align=\"center\"><\/td><td>godz. 12.00<br>Katedra<\/td><td>1\/ za + J\u00f3zefa , Celin\u0119, Romana, Jadwig\u0119 i Mariana &#8211; <strong>ks. Arkadiusz<\/strong><br>2\/ za + Bogdana, Ann\u0119, Kazimierza, Stanis\u0142aw\u0119, \u0141ucj\u0119, Lucyn\u0119, <br>Wac\u0142awa, Henryka, Lucyn\u0119 i Wac\u0142awa i zm. z tych rodzin<strong>&#8211; ks. Benedykt<\/strong><\/td><\/tr><tr><td class=\"has-text-align-center\" data-align=\"center\"><\/td><td>godz. 18.00<br>Katedra<\/td><td>1\/ za + J\u00f3zefa i Boles\u0142aw\u0119 Sztrymer- <strong>ks. Proboszcz<\/strong><br>2\/ za + J\u00f3zefa Osiejewicza &#8211; <strong>ks. Arkadiusz<\/strong><\/td><\/tr><\/tbody><\/table><\/figure>\n","protected":false},"excerpt":{"rendered":"<p>DZIE\u0143 GODZINA INTENCJE Poniedzia\u0142ek 13 marca godz. 7.00 k. pofranciszka\u0144ski 1\/ O \u0142ask\u0119 zdrowia, opiek\u0119 MB i \u015bw. Patrona w 5 urodziny Paw\u0142a &#8211; ks. Marian2\/ za + Helen\u0119 Turek 3 r. \u015bm. i za + Wac\u0142awa Turek &#8211; ks. Arkadiusz godz. 7.00 ss. Bened. 1\/ za parafian &#8211; ks. Kazimierz godz. 18.00 Katedra 1\/ [&hellip;]<\/p>\n","protected":false},"author":1,"featured_media":390,"comment_status":"closed","ping_status":"closed","sticky":false,"template":"","format":"standard","meta":{"footnotes":""},"categories":[9],"tags":[12],"class_list":["post-1534","post","type-post","status-publish","format-standard","has-post-thumbnail","hentry","category-intencje","tag-no-post-image"],"_links":{"self":[{"href":"https:\/\/parafiadrohiczyn.pl\/index.php\/wp-json\/wp\/v2\/posts\/1534","targetHints":{"allow":["GET"]}}],"collection":[{"href":"https:\/\/parafiadrohiczyn.pl\/index.php\/wp-json\/wp\/v2\/posts"}],"about":[{"href":"https:\/\/parafiadrohiczyn.pl\/index.php\/wp-json\/wp\/v2\/types\/post"}],"author":[{"embeddable":true,"href":"https:\/\/parafiadrohiczyn.pl\/index.php\/wp-json\/wp\/v2\/users\/1"}],"replies":[{"embeddable":true,"href":"https:\/\/parafiadrohiczyn.pl\/index.php\/wp-json\/wp\/v2\/comments?post=1534"}],"version-history":[{"count":9,"href":"https:\/\/parafiadrohiczyn.pl\/index.php\/wp-json\/wp\/v2\/posts\/1534\/revisions"}],"predecessor-version":[{"id":1543,"href":"https:\/\/parafiadrohiczyn.pl\/index.php\/wp-json\/wp\/v2\/posts\/1534\/revisions\/1543"}],"wp:featuredmedia":[{"embeddable":true,"href":"https:\/\/parafiadrohiczyn.pl\/index.php\/wp-json\/wp\/v2\/media\/390"}],"wp:attachment":[{"href":"https:\/\/parafiadrohiczyn.pl\/index.php\/wp-json\/wp\/v2\/media?parent=1534"}],"wp:term":[{"taxonomy":"category","embeddable":true,"href":"https:\/\/parafiadrohiczyn.pl\/index.php\/wp-json\/wp\/v2\/categories?post=1534"},{"taxonomy":"post_tag","embeddable":true,"href":"https:\/\/parafiadrohiczyn.pl\/index.php\/wp-json\/wp\/v2\/tags?post=1534"}],"curies":[{"name":"wp","href":"https:\/\/api.w.org\/{rel}","templated":true}]}}