{"id":1517,"date":"2023-03-06T11:11:14","date_gmt":"2023-03-06T10:11:14","guid":{"rendered":"https:\/\/parafiadrohiczyn.pl\/?p=1517"},"modified":"2023-03-06T11:11:15","modified_gmt":"2023-03-06T10:11:15","slug":"intencje-mszalne-6-12-03-2023-r","status":"publish","type":"post","link":"https:\/\/parafiadrohiczyn.pl\/index.php\/2023\/03\/06\/intencje-mszalne-6-12-03-2023-r\/","title":{"rendered":"Intencje mszalne 6-12.03.2023 r."},"content":{"rendered":"\n<figure class=\"wp-block-table is-style-stripes\"><table><thead><tr><th class=\"has-text-align-center\" data-align=\"center\">DZIE\u0143 <\/th><th>GODZINA <\/th><th>INTENCJE <\/th><\/tr><\/thead><tbody><tr><td class=\"has-text-align-center\" data-align=\"center\"><center><strong>Poniedzia\u0142ek<\/strong> <br><strong>6 marca <\/strong><\/center><\/td><td>godz. 7.00 <br>k. pofranciszka\u0144ski <\/td><td>1\/ za + Witolda 1 r. \u015bm. <strong>&#8211; ks. Marian<\/strong><br>2\/ O zdrowie dla Wojciecha &#8211;<strong> ks. Rafa\u0142<\/strong><\/td><\/tr><tr><td class=\"has-text-align-center\" data-align=\"center\"><\/td><td>godz. 7.00 <br>ss. Bened. <\/td><td>&#8211; <strong>ks. Kazimierz<\/strong><\/td><\/tr><tr><td class=\"has-text-align-center\" data-align=\"center\"><\/td><td>godz. 18.00 <br><strong>Katedra<\/strong><\/td><td>1\/ <strong>EGZEKWIE<\/strong> za + Serafin\u0119 Lipi\u0144sk\u0105 30 dzie\u0144\u00a0 &#8211; <strong>ks. Proboszcz<\/strong><br>2\/ za + Marka Konobrodzkiego u. pog.-<strong> ks. Arkadiusz<\/strong><br>3\/ za + Antoniego Pyka\u0142o 4 r. \u015bm. <strong>&#8211; ks. Leopold<\/strong><\/td><\/tr><tr><td class=\"has-text-align-center\" data-align=\"center\"><center><strong>Wtorek<br>7 marca<\/strong><\/center><\/td><td>godz. 7.00 <br>k. pofranciszka\u0144ski <\/td><td>1\/ za + Barbar\u0119 Daniluk <strong>&#8211; ks. Marian<\/strong><br>2\/ W intencji Panu Bogu wiadomej-<strong> ks. Proboszcz<\/strong><\/td><\/tr><tr><td class=\"has-text-align-center\" data-align=\"center\"><\/td><td>godz. 7.00 <br>ss. Bened.<\/td><td>&#8211; <strong>ks. Kazimierz<\/strong><\/td><\/tr><tr><td class=\"has-text-align-center\" data-align=\"center\"><\/td><td>godz. 18.00 <br>k. pofranciszka\u0144ski <\/td><td>1\/ W intencji Tymoteusza, o opiek\u0119 Bo\u017c\u0105 i wstawiennictwo \u015bw. Antoniego <br>i potrzebne \u0142aski &#8211; <strong>ks. Proboszcz<\/strong><br>2\/ Dz- b\u0142 w int. Anny Marii za wstawiennictwem b\u0142. ks. Ignacego <br>K\u0142opotowskiego o potrzebne \u0142aski <strong>&#8211; ks. Rafa\u0142<\/strong><br>3\/ za + Jerzego Zalewskiego u. pog. &#8211; <strong>ks. Arkadiusz<\/strong><br>4\/ za + Gracjana Hyckowskiego u. pog. <strong>&#8211; ks. Leopold\u00a0<\/strong><\/td><\/tr><tr><td class=\"has-text-align-center\" data-align=\"center\"><center><strong>\u015aroda<br><strong><center><strong>8 marca<\/strong><\/center><\/strong><\/strong><\/center><\/td><td>godz. 7.00<br>k. pofranciszka\u0144ski <\/td><td>1\/ za + Stefana Korczy\u0144skiego u. pog.<strong>&#8211; ks. Marian<\/strong><br>2\/ W intencji ks. Tomasza \u0141api\u0144skiego o potrzebne \u0142aski i Bo\u017ce b\u0142og.<br><strong>&#8211; ks. Rafa\u0142<\/strong><\/td><\/tr><tr><td class=\"has-text-align-center\" data-align=\"center\"><\/td><td>godz. 7.00 <br>ss. Bened.<\/td><td>1\/ za + Helen\u0119, Michalin\u0119 i W\u0142adys\u0142aw\u0119 &#8211; <strong>ks. Kazimierz\u00a0<\/strong><\/td><\/tr><tr><td class=\"has-text-align-center\" data-align=\"center\"><\/td><td>godz. 18.00 <br><strong>Katedra<\/strong><\/td><td>1\/ za + Antoniego Arciszuka u. pog. &#8211; <strong>ks. Proboszcz<\/strong><br>2\/ za + Witolda Wichra u. pog. <strong>&#8211; ks. Arkadiusz<\/strong><br>3\/ za + Stanis\u0142aw\u0119 Szkop u. pog.<strong> &#8211; ks. Leopold<\/strong><br>4\/ za + Romana Kobyli\u0144skiego , w dniu pogrzebu &#8211;<strong>ks. Benedykt<\/strong><\/td><\/tr><tr><td class=\"has-text-align-center\" data-align=\"center\"><center><strong>Czwartek<br><center><strong>9 marca<\/strong><\/center><\/strong><\/center><\/td><td>godz. 7.00<br>k. pofranciszka\u0144ski<\/td><td>1\/ za + Antoniego Tymoszuka &#8211; of. rodzina Kownackich <strong>&#8211; ks. Arkadiusz<\/strong><br>2\/ Ad mentem Ordinarii<strong>&#8211; ks. Marian<\/strong><\/td><\/tr><tr><td class=\"has-text-align-center\" data-align=\"center\"><\/td><td>godz. 7.00 <br>ss. Bened.<\/td><td>&#8211; <strong>ks. Kazimierz<\/strong><\/td><\/tr><tr><td class=\"has-text-align-center\" data-align=\"center\"><\/td><td>godz. 18.00 <br><strong>Katedra<\/strong><\/td><td>1\/ za + Ma\u0142gorzat\u0119 5 r. \u015bm.- <strong>ks. Rafa\u0142<\/strong><br>2\/ za + Janin\u0119 Sadow\u0105\u00a0 3 r. \u015bm., Micha\u0142a Sadowego- <strong>ks. Proboszcz<\/strong><br>3\/<strong> <\/strong>za + Mariusza Boguszewskiego u. pog. <strong>&#8211; ks. Benedykt<\/strong><\/td><\/tr><tr><td class=\"has-text-align-center\" data-align=\"center\"><center><strong>Pi\u0105tek<br><center><strong>10 marca<\/strong><\/center><\/strong><\/center><\/td><td>godz. 7.00<br>k. pofranciszka\u0144ski<\/td><td>1\/ za + Antoniego Tymoszuka &#8211; of. Pracownicy PKP Intercity <br>Terespol <strong>&#8211; ks. Marian<\/strong><br>2\/ za dusze w czy\u015b\u0107cu cierpi\u0105ce<strong> &#8211; ks. Proboszcz<\/strong><\/td><\/tr><tr><td class=\"has-text-align-center\" data-align=\"center\"><\/td><td>godz. 7.00 <br>ss. Bened.<\/td><td>&#8211; <strong>ks. Kazimierz<\/strong><\/td><\/tr><tr><td class=\"has-text-align-center\" data-align=\"center\"><\/td><td>godz. 17.30 <br><strong>Katedra<\/strong><\/td><td>1\/ za + Kazimierza Witkowskiego u. pog. &#8211; <strong>ks. Arkadiusz<\/strong><br>2\/ za + Serafin\u0119 Lipi\u0144sk\u0105 &#8211; of. K\u017bR \u015bw. JudyTadeusza &#8211;<strong> ks. Rafa\u0142<\/strong><br>3\/ za + J\u00f3zefa Krasowskiego &#8211; of. syn<strong> &#8211; ks. Benedykt<\/strong><\/td><\/tr><tr><td class=\"has-text-align-center\" data-align=\"center\"><center><strong>Sobota<br><center><strong>11 marca<\/strong><\/center><\/strong><\/center><\/td><td>godz. 7.00<br>k. pofranciszka\u0144ski <\/td><td>1\/ Ad mentem Ordinarii <strong>&#8211; ks. Marian<\/strong><\/td><\/tr><tr><td class=\"has-text-align-center\" data-align=\"center\"><\/td><td>godz. 7.00 <br>ss. Bened<\/td><td>&#8211; <strong>ks. Kazimierz<\/strong><\/td><\/tr><tr><td class=\"has-text-align-center\" data-align=\"center\"><\/td><td>godz. 12.00<br>Katedra<\/td><td>1\/ W intencji Ruchu Rodzin Nazareta\u0144skich- <strong>ks. Proboszcz<\/strong><\/td><\/tr><tr><td class=\"has-text-align-center\" data-align=\"center\"><\/td><td>godz. 18.00 <br><strong>Katedra<\/strong><\/td><td>1\/ za + Ann\u0119 i W\u0142adys\u0142awa Perlejewskich i zm. z r. Kwiatkowskich<br>&#8211;<strong> ks. Rafa\u0142<\/strong><br>2\/ za + Feliks\u0119, Eugeniusza, Stanis\u0142awa Ignut w r. \u015bm. &#8211;<strong> ks. Arkadiusz<\/strong><br>3\/ Dz-b\u0142 w int. Zofii Barszczewskiej w 90 urodziny, o Bo\u017ce b\u0142og. <br>i potrzebne \u0142aski &#8211;<strong> ks. Benedykt<\/strong><\/td><\/tr><tr><td class=\"has-text-align-center\" data-align=\"center\"><center><strong><mark style=\"background-color:rgba(0, 0, 0, 0);color:#c3031a\" class=\"has-inline-color\">Niedziela<br>12 marca<\/mark><\/strong><\/center><\/td><td>godz. 8.00 <br>ss. Bened<\/td><td>1\/Za + Dariusza Markiewicza u. pog. &#8211; <strong>ks. Kazimierz<\/strong><br>2\/ Za ofiarodawc\u00f3w i dobroczy\u0144c\u00f3w Klasztoru Mniszek Benedyktynek <br>w Drohiczynie &#8211; <strong>ks. Mieczys\u0142aw<\/strong><\/td><\/tr><tr><td class=\"has-text-align-center\" data-align=\"center\"><\/td><td>godz. 8.30<br>k. pofranciszka\u0144ski<\/td><td>1\/ O Bo\u017ce b\u0142og. i opiek\u0119 MB dla Krystyny Kolacek i Heleny Borzym <br>z d. Mi\u0142kowskiej &#8211; <strong>ks. Marian<\/strong><\/td><\/tr><tr><td class=\"has-text-align-center\" data-align=\"center\"><\/td><td>godz. 10.00<br>Katedra<\/td><td>1\/ za + Alicj\u0119 Rusiniak u. pog.- <strong>ks. Leopold<\/strong><br>2\/ za + Zbigniewa Zdzis\u0142awa Pietrasiuka 30 dzie\u0144 &#8211;<strong> ks. Proboszcz<\/strong><br>3\/ za + Bo\u017cen\u0119 Rogowiec 11 r. \u015bm. &#8211;\u00a0<strong> ks. Benedykt<\/strong><br>4\/ za + Janin\u0119 Krasowsk\u0105 1 r. \u015bm. i ks. Antoniego i Kazimierza Krasowskich<strong> <\/strong><br><strong>&#8211; ks. Mieczys\u0142aw<\/strong><\/td><\/tr><tr><td class=\"has-text-align-center\" data-align=\"center\"><\/td><td>godz. 12.00<br>Katedra<\/td><td>1\/ Dz-b\u0142 w int. Pani Bo\u017ceny, o Bo\u017ce b\u0142og. w dniu imienin <br>&#8211; of. dzieci Pierwszokomunijne &#8211; <strong>ks. Proboszcz<\/strong><br>2\/ za + Mariana Krak\u00f3wko u. pog.<strong>&#8211; ks. Benedykt<\/strong><br>3\/ Dz-b\u0142ag w 90 urodziny Zofii Kalinowskiej <strong>&#8211; ks. Leopold<\/strong><\/td><\/tr><tr><td class=\"has-text-align-center\" data-align=\"center\"><\/td><td>godz. 18.00<br>Katedra<\/td><td>1\/ za + Krystyn\u0119, Antoniego Wakuli\u0144skich- <strong>ks. Proboszcz<\/strong><\/td><\/tr><\/tbody><\/table><\/figure>\n","protected":false},"excerpt":{"rendered":"<p>DZIE\u0143 GODZINA INTENCJE Poniedzia\u0142ek 6 marca godz. 7.00 k. pofranciszka\u0144ski 1\/ za + Witolda 1 r. \u015bm. &#8211; ks. Marian2\/ O zdrowie dla Wojciecha &#8211; ks. Rafa\u0142 godz. 7.00 ss. Bened. &#8211; ks. Kazimierz godz. 18.00 Katedra 1\/ EGZEKWIE za + Serafin\u0119 Lipi\u0144sk\u0105 30 dzie\u0144\u00a0 &#8211; ks. Proboszcz2\/ za + Marka Konobrodzkiego u. pog.- ks. [&hellip;]<\/p>\n","protected":false},"author":1,"featured_media":390,"comment_status":"closed","ping_status":"closed","sticky":false,"template":"","format":"standard","meta":{"footnotes":""},"categories":[9],"tags":[12],"class_list":["post-1517","post","type-post","status-publish","format-standard","has-post-thumbnail","hentry","category-intencje","tag-no-post-image"],"_links":{"self":[{"href":"https:\/\/parafiadrohiczyn.pl\/index.php\/wp-json\/wp\/v2\/posts\/1517","targetHints":{"allow":["GET"]}}],"collection":[{"href":"https:\/\/parafiadrohiczyn.pl\/index.php\/wp-json\/wp\/v2\/posts"}],"about":[{"href":"https:\/\/parafiadrohiczyn.pl\/index.php\/wp-json\/wp\/v2\/types\/post"}],"author":[{"embeddable":true,"href":"https:\/\/parafiadrohiczyn.pl\/index.php\/wp-json\/wp\/v2\/users\/1"}],"replies":[{"embeddable":true,"href":"https:\/\/parafiadrohiczyn.pl\/index.php\/wp-json\/wp\/v2\/comments?post=1517"}],"version-history":[{"count":8,"href":"https:\/\/parafiadrohiczyn.pl\/index.php\/wp-json\/wp\/v2\/posts\/1517\/revisions"}],"predecessor-version":[{"id":1525,"href":"https:\/\/parafiadrohiczyn.pl\/index.php\/wp-json\/wp\/v2\/posts\/1517\/revisions\/1525"}],"wp:featuredmedia":[{"embeddable":true,"href":"https:\/\/parafiadrohiczyn.pl\/index.php\/wp-json\/wp\/v2\/media\/390"}],"wp:attachment":[{"href":"https:\/\/parafiadrohiczyn.pl\/index.php\/wp-json\/wp\/v2\/media?parent=1517"}],"wp:term":[{"taxonomy":"category","embeddable":true,"href":"https:\/\/parafiadrohiczyn.pl\/index.php\/wp-json\/wp\/v2\/categories?post=1517"},{"taxonomy":"post_tag","embeddable":true,"href":"https:\/\/parafiadrohiczyn.pl\/index.php\/wp-json\/wp\/v2\/tags?post=1517"}],"curies":[{"name":"wp","href":"https:\/\/api.w.org\/{rel}","templated":true}]}}