{"id":1461,"date":"2023-01-29T22:26:03","date_gmt":"2023-01-29T21:26:03","guid":{"rendered":"https:\/\/parafiadrohiczyn.pl\/?p=1461"},"modified":"2023-01-29T22:26:03","modified_gmt":"2023-01-29T21:26:03","slug":"intencje-mszalne-30-01-5-02-2023-r","status":"publish","type":"post","link":"https:\/\/parafiadrohiczyn.pl\/index.php\/2023\/01\/29\/intencje-mszalne-30-01-5-02-2023-r\/","title":{"rendered":"Intencje mszalne 30.01-5.02.2023 r."},"content":{"rendered":"\n<figure class=\"wp-block-table is-style-stripes\"><table><thead><tr><th class=\"has-text-align-center\" data-align=\"center\">DZIE\u0143 <\/th><th>GODZINA <\/th><th>INTENCJE <\/th><\/tr><\/thead><tbody><tr><td class=\"has-text-align-center\" data-align=\"center\"><center><strong>Poniedzia\u0142ek<\/strong> <br><strong>30 stycznia <\/strong><\/center><\/td><td>godz. 7.00 <br>k. pofranciszka\u0144ski <\/td><td>1\/ Ad mentem Oridinarii <strong>&#8211; ks. Marian<\/strong> <\/td><\/tr><tr><td class=\"has-text-align-center\" data-align=\"center\"><\/td><td>godz. 7.00 <br>ss. Bened. <\/td><td>1\/ za parafian &#8211; <strong>ks. Kazimierz<\/strong> <\/td><\/tr><tr><td class=\"has-text-align-center\" data-align=\"center\"><\/td><td>godz. 18.00 <br><strong>Katedra<\/strong><\/td><td>1\/ za + Jana Kiszko greg.- <strong>ks. Rafa\u0142<\/strong> <br>2\/ za + Arkadiusza Gendka u. pog. &#8211; <strong>ks. Benedykt<\/strong> <br>3\/ za + Stanis\u0142awa Cichockiego 7 r. \u015bm.<strong> &#8211; ks. Leopold<\/strong> <\/td><\/tr><tr><td class=\"has-text-align-center\" data-align=\"center\"><center><strong>Wtorek<br>31 stycznia<\/strong><\/center><\/td><td>godz. 7.00 <br>k. pofranciszka\u0144ski <\/td><td>1\/ za + Krystyn\u0119 3 r. \u015bm. i jej rodzic\u00f3w- <strong>ks. Marian&nbsp;<\/strong><\/td><\/tr><tr><td class=\"has-text-align-center\" data-align=\"center\"><\/td><td>godz. 7.00 <br>ss. Bened.<\/td><td>&nbsp;&#8211; <strong>ks. Kazimierz&nbsp;<\/strong><\/td><\/tr><tr><td class=\"has-text-align-center\" data-align=\"center\"><\/td><td>godz. 18.00 <br>k. pofranciszka\u0144ski <\/td><td>1\/ za + Krystyn\u0119 i Arkadiusza Czapskich w r. \u015bm.<strong>&#8211; ks. Rafa\u0142<\/strong><br>2\/ Intencja dzi\u0119kczynno b\u0142agalna- <strong>ks. Benedykt<\/strong><\/td><\/tr><tr><td class=\"has-text-align-center\" data-align=\"center\"><center><strong>\u015aroda<br><strong><center><strong>1 lutego<\/strong><\/center><\/strong><\/strong><\/center><\/td><td>godz. 7.00<br>k. pofranciszka\u0144ski <\/td><td>1\/ za + J\u00f3zefa Florczuka pocz\u0105tek gregorianki- <strong>ks. Marian<\/strong><\/td><\/tr><tr><td class=\"has-text-align-center\" data-align=\"center\"><\/td><td>godz. 7.00 <br>ss. Bened.<\/td><td>1\/ za + Rafa\u0142a pocz\u0105tek gregorianki- <strong>ks. Kazimierz&nbsp;<\/strong><\/td><\/tr><tr><td class=\"has-text-align-center\" data-align=\"center\"><\/td><td>godz. 18.00 <br><strong>Katedra<\/strong><\/td><td>1\/ za + Justyn\u0119 Jurczak &#8211; of. przyjaciele ks. Piotra z parafii Stara Wie\u015b<br>&#8211; <strong>ks. Proboszcz<\/strong><br>2\/ za + Magd\u0119 Patralsk\u0105 pocz\u0105tek gregorianki &#8211; <strong>ks. Piotr Jurczak<\/strong><br>3\/ za + Mariana Krak\u00f3wko u. pog.-<strong> ks. Rafa\u0142<\/strong><br>4\/ za + Stanis\u0142aw\u0119 Pyka\u0142o u. pog.-<strong> ks. Benedykt<\/strong><\/td><\/tr><tr><td class=\"has-text-align-center\" data-align=\"center\"><mark style=\"background-color:rgba(0, 0, 0, 0);color:#21759B\" class=\"has-inline-color\"><center><strong>Czwartek<br>\u015awi\u0119to<br>Ofiarowania<br>Pa\u0144skiego<center><strong>2 lutego<\/strong><\/center><\/strong><\/center><\/mark><\/td><td>godz. 7.00<br>k. pofranciszka\u0144ski<\/td><td>1\/ O dary Ducha \u015awi\u0119tego dla os\u00f3b bliskich ofiarodawcy &#8211; <strong>ks. Marian<\/strong><br>2\/ za + Jana Ma\u0107kowiaka- <strong>ks. Leopold<\/strong><br>3\/ za + Rafa\u0142a greg.- <strong>ks. Mieczys\u0142aw<\/strong><\/td><\/tr><tr><td class=\"has-text-align-center\" data-align=\"center\"><\/td><td>godz. 8.00 <br>ss. Bened.<\/td><td>1\/ O wierno\u015b\u0107 \u0142asce powo\u0142ania i dzi\u0119kczynienie za obfito\u015b\u0107 \u0142ask <br>w codzienno\u015bci- <strong>ks. Kazimierz<\/strong><\/td><\/tr><tr><td class=\"has-text-align-center\" data-align=\"center\"><\/td><td>godz. 10.00<br>Katedra<\/td><td>1\/ za + J\u00f3zefa Florczuka greg.- <strong>ks. Proboszcz<\/strong><br>2\/ za + Mateusza Poniatowskiego<strong>&#8211; ks. Marcin Szymanik<\/strong><br>3\/ O Bo\u017ce b\u0142og., opiek\u0119 MB i Anio\u0142a Str\u00f3\u017ca dla Malwiny w 2. urodziny<br><strong>&#8211; ks. Tadeusz Syczewski<\/strong><br>4\/ za + Jadwig\u0119 i J\u00f3zefa Byszewskich<strong>&#8211; ks. Benedykt<\/strong><\/td><\/tr><tr><td class=\"has-text-align-center\" data-align=\"center\"><\/td><td>godz. 18.00 <br><strong>Katedra<\/strong><\/td><td>1\/ za + Magd\u0119 Patralsk\u0105 greg. &#8211; <strong>ks. Arkadiusz&nbsp;<\/strong><br>2\/ za + Edwarda Krak\u00f3wko 2 r. \u015bm. i zm. z rodziny Krak\u00f3wko: <br>Jana, Wand\u0119, Stanis\u0142awa, Feliksa i Anastazj\u0119 &#8211;<strong> ks. Leopold<\/strong><br>3\/ za + Danut\u0119 Stolarkiewicz u. pog.<strong> &#8211; ks. Benedykt<\/strong><\/td><\/tr><tr><td class=\"has-text-align-center\" data-align=\"center\"><center><strong>Pi\u0105tek<br><center><strong>3 lutego<\/strong><\/center><\/strong><\/center><\/td><td>godz. 7.00<br>k. pofranciszka\u0144ski<\/td><td>1\/ za + J\u00f3zefa Florczuka greg.- <strong>ks. Marian<\/strong><\/td><\/tr><tr><td class=\"has-text-align-center\" data-align=\"center\"><\/td><td>godz. 7.00 <br>ss. Bened.<\/td><td>1\/ za + Rafa\u0142a greg- <strong>ks. Kazimierz&nbsp;<\/strong><\/td><\/tr><tr><td class=\"has-text-align-center\" data-align=\"center\"><\/td><td>godz. 18.00 <br><strong>Katedra<\/strong><\/td><td>1\/ za + Hieronim\u0119 Wojtkowsk\u0105 2 r. \u015bm.- <strong>ks. Rafa\u0142<\/strong><br>2\/<strong> <\/strong>za + J\u00f3zef\u0119 i Andrzeja i rodzic\u00f3w z obojga stron- <strong>ks. Proboszcz<\/strong><br>3\/ za + Magd\u0119 Patralsk\u0105 greg. <strong>&#8211; ks. Benedykt<\/strong><\/td><\/tr><tr><td class=\"has-text-align-center\" data-align=\"center\"><center><strong>Sobota<br><center><strong>4 lutego<\/strong><\/center><\/strong><\/center><\/td><td>godz. 7.00<br>k. pofranciszka\u0144ski <\/td><td>1\/ za + J\u00f3zefa Florczuka greg. &#8211; <strong>ks. Marian<\/strong><\/td><\/tr><tr><td class=\"has-text-align-center\" data-align=\"center\"><\/td><td>godz. 7.00 <br>ss. Bened<\/td><td>1\/ za + Rafa\u0142a greg- <strong>ks. Kazimierz&nbsp;<\/strong><\/td><\/tr><tr><td class=\"has-text-align-center\" data-align=\"center\"><\/td><td>godz. 15.00<br>Katedra<\/td><td>Dz- b\u0142 w int, Bractwa Kurkowego 10 r. za\u0142o\u017cenia<strong>&#8211; ks. Proboszcz<\/strong><\/td><\/tr><tr><td class=\"has-text-align-center\" data-align=\"center\"><\/td><td>godz. 18.00 <br><strong>Katedra<\/strong><\/td><td>1\/ <strong>EGZEKWIE<\/strong> za + Eugeniusza To\u0142wi\u0144skiego 1 r. \u015bm.-<strong> ks. Arkadiusz<\/strong><br>2\/ <strong>EGZEKWIE<\/strong> za + Felicj\u0119 Pietrasiuk 30 dz.- <strong>ks. Rafa\u0142<\/strong><br>3\/ za + Magd\u0119 Patralsk\u0105 greg. <strong>&#8211; ks. Benedykt<\/strong><\/td><\/tr><tr><td class=\"has-text-align-center\" data-align=\"center\"><center><strong><mark style=\"background-color:rgba(0, 0, 0, 0);color:#c3031a\" class=\"has-inline-color\">Niedziela<br>5 lutego<\/mark><\/strong><\/center><\/td><td>godz. 8.00 <br>ss. Bened<\/td><td>1\/ za + Rafa\u0142a greg- <strong>ks. Kazimierz<\/strong><br>2\/ O Bo\u017ce b\u0142og. i potrzebne \u0142aski w dniu imienin dla S. Agaty oraz <br>za ca\u0142\u0105 wsp\u00f3lnot\u0119<strong>&#8211; ks. Proboszcz<\/strong><\/td><\/tr><tr><td class=\"has-text-align-center\" data-align=\"center\"><\/td><td>godz. 8.30<br>k. pofranciszka\u0144ski<\/td><td>1\/ za + Hieronim\u0119 Walczuk u. pog. &#8211; <strong>ks. Marian<\/strong><br>2\/ za + J\u00f3zefa Florczuka greg. &#8211; <strong>ks. Mieczys\u0142aw<\/strong><\/td><\/tr><tr><td class=\"has-text-align-center\" data-align=\"center\"><\/td><td>godz. 10.00<br>Katedra<\/td><td>1\/ za zmar\u0142ych z rodziny Kami\u0144skich, Panasiuk\u00f3w, Krzemi\u0144skich <br>i Karandys\u00f3w &#8211; <strong>ks. Rafa\u0142<\/strong><br>2\/ za + Lucyn\u0119 Tararuj i zm. z r. Tararuj\u00f3w, Kosi\u0144skich, Brusi\u00f3w <br>i Mariusza Ros\u0119 &#8211;<strong> ks. Proboszcz<\/strong><br>3\/ za + Gra\u017cyn\u0119 Mularzuk 4 r. \u015bm.<strong>&#8211; ks. Leopold<\/strong><br>4\/ za + Magd\u0119 Patralsk\u0105 greg.-<strong> ks. Mieczys\u0142aw<\/strong><\/td><\/tr><tr><td class=\"has-text-align-center\" data-align=\"center\"><\/td><td>godz. 12.00<br>Katedra<\/td><td>1\/ za + Mariusza Boguszewskiego u. pog. &#8211; <strong>ks. Proboszcz<\/strong><br>2\/ za + Eugeni\u0119 Lipsk\u0105 r. \u015bm. <strong>&#8211; ks. Benedykt<\/strong><br>3\/ za + Felicj\u0119 Pietrasuk 30 dzie\u0144<strong> &#8211; ks. Leopold<\/strong><\/td><\/tr><tr><td class=\"has-text-align-center\" data-align=\"center\"><\/td><td>godz. 15.00<br>k. pofranciszka\u0144ski<\/td><td>Msza \u015bw. trydencka &#8211; <strong>ks. Rafa\u0142<\/strong><\/td><\/tr><tr><td class=\"has-text-align-center\" data-align=\"center\"><\/td><td>godz. 18.00<br>Katedra<\/td><td>1\/ W int. wnuk\u00f3w: Weroniki, Maksymiliana, Bartosza, Alicji, Hanny, <br>Agaty, i Antoniego, o zdrowie, Bo\u017ce B\u0142og &#8211; <strong>ks. Proboszcz<\/strong><br>2\/ za + Eugeni\u0119 i Franciszka Kry\u0144skich<strong>&#8211; ks. Proboszcz<\/strong><\/td><\/tr><\/tbody><\/table><\/figure>\n","protected":false},"excerpt":{"rendered":"<p>DZIE\u0143 GODZINA INTENCJE Poniedzia\u0142ek 30 stycznia godz. 7.00 k. pofranciszka\u0144ski 1\/ Ad mentem Oridinarii &#8211; ks. Marian godz. 7.00 ss. Bened. 1\/ za parafian &#8211; ks. Kazimierz godz. 18.00 Katedra 1\/ za + Jana Kiszko greg.- ks. Rafa\u0142 2\/ za + Arkadiusza Gendka u. pog. &#8211; ks. Benedykt 3\/ za + Stanis\u0142awa Cichockiego 7 r. [&hellip;]<\/p>\n","protected":false},"author":1,"featured_media":390,"comment_status":"closed","ping_status":"closed","sticky":false,"template":"","format":"standard","meta":{"footnotes":""},"categories":[9],"tags":[12],"class_list":["post-1461","post","type-post","status-publish","format-standard","has-post-thumbnail","hentry","category-intencje","tag-no-post-image"],"_links":{"self":[{"href":"https:\/\/parafiadrohiczyn.pl\/index.php\/wp-json\/wp\/v2\/posts\/1461","targetHints":{"allow":["GET"]}}],"collection":[{"href":"https:\/\/parafiadrohiczyn.pl\/index.php\/wp-json\/wp\/v2\/posts"}],"about":[{"href":"https:\/\/parafiadrohiczyn.pl\/index.php\/wp-json\/wp\/v2\/types\/post"}],"author":[{"embeddable":true,"href":"https:\/\/parafiadrohiczyn.pl\/index.php\/wp-json\/wp\/v2\/users\/1"}],"replies":[{"embeddable":true,"href":"https:\/\/parafiadrohiczyn.pl\/index.php\/wp-json\/wp\/v2\/comments?post=1461"}],"version-history":[{"count":13,"href":"https:\/\/parafiadrohiczyn.pl\/index.php\/wp-json\/wp\/v2\/posts\/1461\/revisions"}],"predecessor-version":[{"id":1474,"href":"https:\/\/parafiadrohiczyn.pl\/index.php\/wp-json\/wp\/v2\/posts\/1461\/revisions\/1474"}],"wp:featuredmedia":[{"embeddable":true,"href":"https:\/\/parafiadrohiczyn.pl\/index.php\/wp-json\/wp\/v2\/media\/390"}],"wp:attachment":[{"href":"https:\/\/parafiadrohiczyn.pl\/index.php\/wp-json\/wp\/v2\/media?parent=1461"}],"wp:term":[{"taxonomy":"category","embeddable":true,"href":"https:\/\/parafiadrohiczyn.pl\/index.php\/wp-json\/wp\/v2\/categories?post=1461"},{"taxonomy":"post_tag","embeddable":true,"href":"https:\/\/parafiadrohiczyn.pl\/index.php\/wp-json\/wp\/v2\/tags?post=1461"}],"curies":[{"name":"wp","href":"https:\/\/api.w.org\/{rel}","templated":true}]}}